{"id":9315,"date":"2013-03-25T18:53:14","date_gmt":"2013-03-25T16:53:14","guid":{"rendered":"https:\/\/leguidedesmontres.com\/fr\/actualites\/wilhelm-schmid-ceo-lange-sohne-linterview-exclusive\/"},"modified":"2013-03-25T18:53:14","modified_gmt":"2013-03-25T16:53:14","slug":"wilhelm-schmid-ceo-lange-sohne-linterview-exclusive","status":"publish","type":"post","link":"https:\/\/leguidedesmontres.com\/fr\/actualites\/wilhelm-schmid-ceo-lange-sohne-linterview-exclusive\/","title":{"rendered":"Wilhelm Schmid, CEO Lange &amp; S\u00f6hne : L&rsquo;interview exclusive"},"content":{"rendered":"<p><img decoding=\"async\" data-src=\"\/fr\/wp-content\/uploads\/2025\/06\/145_als_wilhelm_schmid.jpg\" alt=\"Wilhelm Schmid, CEO Lange &#038; S\u00f6hne : L'interview exclusive\" class=\"wp-image featured-image lazyload\" src=\"data:image\/svg+xml;base64,PHN2ZyB3aWR0aD0iMSIgaGVpZ2h0PSIxIiB4bWxucz0iaHR0cDovL3d3dy53My5vcmcvMjAwMC9zdmciPjwvc3ZnPg==\" style=\"--smush-placeholder-width: 620px; --smush-placeholder-aspect-ratio: 620\/598;\" \/><\/p>\n<p><i><span>Dans un des rares entretiens qu\u2019il accorde, <strong>Wilhelm Schmid<\/strong>, CEO de <a target=\"_blank\" href=\"https:\/\/leguidedesmontres.com\/fr\/prix-du-neuf\/a-lange-amp-sohne\"><strong>Lange &#038; S\u00f6hne<\/strong><\/a>, revient sur les principaux faits marquants de 2012 et \u00e9voque les lignes directrices de 2013. <\/span><\/i><\/p>\n<p><i><\/i><\/p>\n<p><i><\/i><\/p>\n<p><b><i><span>Comment s&rsquo;est conclue l&rsquo;ann\u00e9e 2012 pour <a target=\"_blank\" href=\"https:\/\/leguidedesmontres.com\/fr\/prix-du-neuf\/a-lange-amp-sohne\">Lange &#038; S\u00f6hne<\/a> ? <\/span><\/i><\/b><\/p>\n<p><b><i><\/i><\/b><\/p>\n<p><b><i><\/i><\/b><\/p>\n<p><span>Ce fut une excellente ann\u00e9e. La manufacture est depuis longtemps dans une dynamique commerciale faisant que l&rsquo;on ne peut malheureusement pas r\u00e9pondre \u00e0 la totalit\u00e9 des demandes clients que nous avons. Les capacit\u00e9s de la manufacture sont limit\u00e9es, nous privil\u00e9gions et privil\u00e9gierons toujours la qualit\u00e9 \u00e0 la quantit\u00e9. <\/span><\/p>\n<p><b><i><span>Les volumes seront-ils en croissance pour 2013 ? <\/span><\/i><\/b><\/p>\n<p><b><i><\/i><\/b><\/p>\n<p><b><i><\/i><\/b><\/p>\n<p><span>En tant qu&rsquo;entit\u00e9 du groupe Richemont, nous ne communiquons malheureusement pas nos chiffres de production. Nous allons toutefois moderniser notre manufacture. Celle que nous occupons actuellement est notre site historique. C&rsquo;est une pi\u00e8ce importante de notre patrimoine et, \u00e0 cet \u00e9gard, nous la conservons. Mais les conditions de travail, tout autant que les mat\u00e9riels et proc\u00e9d\u00e9s utilis\u00e9s, ont beaucoup \u00e9volu\u00e9 au fil des si\u00e8cles. Nous avons donc entrepris de construire un nouveau site de production juste en face de la manufacture historique, de l&rsquo;autre c\u00f4t\u00e9 de la route. Nos horlogers pourront y travailler avec de bien meilleures conditions. <\/span><\/p>\n<p><b><i><span>2013 s&rsquo;ouvre avec des pi\u00e8ces d&rsquo;une rare ambition, comme nous avons pu le voir au SIHH. <\/span><\/i><\/b><\/p>\n<p><b><i><\/i><\/b><\/p>\n<p><b><i><\/i><\/b><\/p>\n<p><span>C&rsquo;est exact. La Grande Complication (<i>photo<\/i>) est tout simplement la montre de poignet la plus complexe que la manufacture ait jamais produite. Il nous a fallu sept ans de d\u00e9veloppement, dont deux personnes \u00e0 plein temps les deux derni\u00e8res ann\u00e9es. <\/span><\/p>\n<p><b><i><span>Six exemplaires sont pr\u00e9vus en six ans. Le pari est ambitieux. <\/span><\/i><\/b><\/p>\n<p><b><i><\/i><\/b><\/p>\n<p><b><i><\/i><\/b><\/p>\n<p><span>Nous le sommes aussi ! Malgr\u00e9 les diff\u00e9rents degr\u00e9s d&rsquo;exigence que nous portons \u00e0 nos pi\u00e8ces, avec les temps de production qui y sont associ\u00e9s, nous avons honor\u00e9 la totalit\u00e9 des commandes que nous avions re\u00e7ues pour livraison en 2012. Ce n&rsquo;est pas toujours le cas dans des marques de niche comme la n\u00f4tre. <\/span><\/p>\n<p><b><i><span>Quelles sont les perspectives de croissance ? <\/span><\/i><\/b><\/p>\n<p><b><i><\/i><\/b><\/p>\n<p><b><i><\/i><\/b><\/p>\n<p><span>En termes de distribution, il faut d\u00e9j\u00e0 bien noter que l&rsquo;ann\u00e9e 2012 fut tr\u00e8s importante pour nous. Lange &#038; S\u00f6hne a ouvert cinq nouveaux points de vente d\u00e9di\u00e9s \u00e0 travers le monde. Cela peut para\u00eetre peu mais il faut bien consid\u00e9rer que, jusqu&rsquo;\u00e0 pr\u00e9sent, nous n&rsquo;en avions&#8230;que cinq \u00e9galement. En d&rsquo;autres termes, en un an, nous avons doubl\u00e9 nos points de vente. Il y a maintenant dans notre r\u00e9seau des zones que nous ne couvrions pas ou peu, comme l&rsquo;Australie. Ces ouvertures vont se poursuivre en 2013, leur rythme reste \u00e0 d\u00e9terminer. <\/span><\/p>\n<p><span><\/span><\/p>\n<\/p>\n<p><i><span>Olivier M\u00fcller<\/span><\/i><\/p>\n<p><i><\/i><\/p>\n<p><i><\/i><\/p>\n<p><span>Visuels \u00a9 Lange &#038; S\u00f6hne<\/span><\/p>\n<p><img decoding=\"async\" data-src=\"\/fr\/wp-content\/uploads\/2025\/06\/145_539_als_912_032_fs.jpg\" alt=\"\" class=\"wp-image lazyload\" src=\"data:image\/svg+xml;base64,PHN2ZyB3aWR0aD0iMSIgaGVpZ2h0PSIxIiB4bWxucz0iaHR0cDovL3d3dy53My5vcmcvMjAwMC9zdmciPjwvc3ZnPg==\" style=\"--smush-placeholder-width: 620px; --smush-placeholder-aspect-ratio: 620\/956;\" \/><\/p>\n","protected":false},"excerpt":{"rendered":"<p>Dans un des rares entretiens qu\u2019il accorde, Wilhelm Schmid, CEO de Lange &#038; S\u00f6hne, revient sur les principaux faits marquants<\/p>\n","protected":false},"author":1,"featured_media":9316,"comment_status":"open","ping_status":"open","sticky":false,"template":"","format":"standard","meta":{"_acf_changed":false,"footnotes":""},"categories":[718],"tags":[711],"class_list":["post-9315","post","type-post","status-publish","format-standard","has-post-thumbnail","hentry","category-a-lange-sohne","tag-interview"],"acf":[],"_links":{"self":[{"href":"https:\/\/leguidedesmontres.com\/fr\/wp-json\/wp\/v2\/posts\/9315","targetHints":{"allow":["GET"]}}],"collection":[{"href":"https:\/\/leguidedesmontres.com\/fr\/wp-json\/wp\/v2\/posts"}],"about":[{"href":"https:\/\/leguidedesmontres.com\/fr\/wp-json\/wp\/v2\/types\/post"}],"author":[{"embeddable":true,"href":"https:\/\/leguidedesmontres.com\/fr\/wp-json\/wp\/v2\/users\/1"}],"replies":[{"embeddable":true,"href":"https:\/\/leguidedesmontres.com\/fr\/wp-json\/wp\/v2\/comments?post=9315"}],"version-history":[{"count":0,"href":"https:\/\/leguidedesmontres.com\/fr\/wp-json\/wp\/v2\/posts\/9315\/revisions"}],"wp:featuredmedia":[{"embeddable":true,"href":"https:\/\/leguidedesmontres.com\/fr\/wp-json\/wp\/v2\/media\/9316"}],"wp:attachment":[{"href":"https:\/\/leguidedesmontres.com\/fr\/wp-json\/wp\/v2\/media?parent=9315"}],"wp:term":[{"taxonomy":"category","embeddable":true,"href":"https:\/\/leguidedesmontres.com\/fr\/wp-json\/wp\/v2\/categories?post=9315"},{"taxonomy":"post_tag","embeddable":true,"href":"https:\/\/leguidedesmontres.com\/fr\/wp-json\/wp\/v2\/tags?post=9315"}],"curies":[{"name":"wp","href":"https:\/\/api.w.org\/{rel}","templated":true}]}}