{"id":9319,"date":"2013-03-18T20:41:20","date_gmt":"2013-03-18T18:41:20","guid":{"rendered":"https:\/\/leguidedesmontres.com\/fr\/actualites\/richard-mille-nouveau-dg-nouvelle-usine\/"},"modified":"2013-03-18T20:41:20","modified_gmt":"2013-03-18T18:41:20","slug":"richard-mille-nouveau-dg-nouvelle-usine","status":"publish","type":"post","link":"https:\/\/leguidedesmontres.com\/fr\/actualites\/richard-mille-nouveau-dg-nouvelle-usine\/","title":{"rendered":"Richard Mille : nouveau DG, nouvelle usine"},"content":{"rendered":"<p><img decoding=\"async\" data-src=\"\/fr\/wp-content\/uploads\/2025\/06\/143_richard_mille_rm.jpg\" alt=\"Richard Mille : nouveau DG, nouvelle usine\" class=\"wp-image featured-image lazyload\" src=\"data:image\/svg+xml;base64,PHN2ZyB3aWR0aD0iMSIgaGVpZ2h0PSIxIiB4bWxucz0iaHR0cDovL3d3dy53My5vcmcvMjAwMC9zdmciPjwvc3ZnPg==\" style=\"--smush-placeholder-width: 620px; --smush-placeholder-aspect-ratio: 620\/802;\" \/><\/p>\n<p><strong><span><a target=\"_blank\" href=\"https:\/\/leguidedesmontres.com\/fr\/prix-du-neuf\/richard-mille\">Richard Mille<\/a><\/span><\/strong><span> se porte bien et le fait savoir : en quelques jours, la marque \u00e0 annonc\u00e9 un <strong>nouveau Directeur G\u00e9n\u00e9ral<\/strong> ainsi qu\u2019une <strong>nouvelle usine<\/strong>. <\/span><\/p>\n<p><span>N\u00e9 en Juin 1961, <strong>Fran\u00e7ois Tauriac<\/strong> a fait toute sa carri\u00e8re dans le <strong><span>Groupe Figaro<\/span><\/strong>. En 1987, il entre \u00e0 TV Magazine dont il gravit les \u00e9chelons jusqu\u2019\u00e0 en devenir Editeur, hissant ce support \u00e0 la premi\u00e8re place europ\u00e9enne, avec un tirage hebdomadaire sup\u00e9rieur \u00e0 7 millions d\u2019exemplaires et <strong>17 millions de lecteurs<\/strong>, participant ainsi \u00e0 faire de ce magazine un grand contributeur \u00e9conomique du <span>Groupe Figaro<\/span>, dont il \u00e9tait membre du Comit\u00e9 de Direction.<\/span><\/p>\n<p><span>Au-del\u00e0 de la cr\u00e9ation de projets print, il a d\u00e9velopp\u00e9 au sein du groupe de presse de nombreuses applications Internet et num\u00e9riques, telle que la <strong>premi\u00e8re t\u00e9l\u00e9vision connect\u00e9e de la presse magazine sur You Tube<\/strong> : \u00ab<strong>Very Watch<\/strong>\u00bb.<\/span><\/p>\n<p><span>En prenant la direction de la marque <strong><a target=\"_blank\" href=\"https:\/\/leguidedesmontres.com\/fr\/prix-du-neuf\/richard-mille\">RICHARD MILLE<\/a><\/strong>, il rejoint un <strong>ami<\/strong> et <strong>complice de longue date<\/strong>. Il aura pour mission, d\u2019<strong>assurer la continuation du d\u00e9veloppement de la marque<\/strong>, que ce soit en termes de <strong>distribution<\/strong>, d\u2019<strong>organisation<\/strong>, de <strong>logistique<\/strong>, de <strong>communication<\/strong>. Il agira en totale symbiose avec <strong>Richard Mille<\/strong>, <strong>Pr\u00e9sident et CEO<\/strong> de la marque, qui souhaite se consacrer encore plus \u00e0 la <strong>Strat\u00e9gie du groupe<\/strong> ainsi qu\u2019\u00e0 la <strong>cr\u00e9ation<\/strong> et au <strong>d\u00e9veloppement de nouveaux mod\u00e8les<\/strong> pour les ann\u00e9es \u00e0 venir.<\/span><\/p>\n<p><span>C\u00f4t\u00e9 usine, <strong>Proart<\/strong>, un b\u00e2timent de <strong>3000 m2<\/strong>, s\u2019implante aux Breuleux (Jura Suisse). Avec cette usine, <strong>Richard Mille<\/strong> pose un nouveau jalon dans son d\u00e9veloppement puisque c\u2019est entre ses murs que seront r\u00e9alis\u00e9s les bo\u00eetiers de montres RM et certains composants de mouvements comme les platines et les ponts.<\/span><\/p>\n<p><span>Le niveau technique des montres Richard Mille fabriqu\u00e9es en petites s\u00e9ries est <strong>encore mont\u00e9 d\u2019un cran ces derni\u00e8res ann\u00e9es<\/strong> comme le prouve par exemple la <strong>RM 039 Aviation E6-B chronographe flyback<\/strong>, une pi\u00e8ce d\u2019une tr\u00e8s grande complexit\u00e9 technique produite \u00e0 seulement <strong>30 pi\u00e8ces<\/strong>. Or, il n\u2019y a qu\u2019en interne qu\u2019il est possible de d\u00e9velopper de tels produits dans des volumes aussi r\u00e9duits et avec un niveau d\u2019exigence aussi pouss\u00e9.<\/span><\/p>\n<p><span>Plus de deux ans ont \u00e9t\u00e9 n\u00e9cessaires pour que cette usine sorte de terre. Et si certains am\u00e9nagements sont encore en cours de finalisation, les machines tournent et une trentaine <\/span>de r\u00e9gleurs CNC, de contr\u00f4leurs et de polisseurs sont d\u00e9j\u00e0 \u00e0 leur poste. L\u2019ensemble sera d\u00e9finitivement op\u00e9rationnel en avril prochain.<\/p>\n<\/p>\n<p><span>Olivier M\u00fcller<\/span><\/p>\n<\/p>\n<p><span>Visuel \u00a9 Richard Mille<\/span><\/p>\n<\/p>\n<p><img decoding=\"async\" data-src=\"\/fr\/wp-content\/uploads\/2025\/06\/143_533_rm_039_aviation_e6_b_chronographe_flyback.jpg\" alt=\"\" class=\"wp-image lazyload\" src=\"data:image\/svg+xml;base64,PHN2ZyB3aWR0aD0iMSIgaGVpZ2h0PSIxIiB4bWxucz0iaHR0cDovL3d3dy53My5vcmcvMjAwMC9zdmciPjwvc3ZnPg==\" style=\"--smush-placeholder-width: 620px; --smush-placeholder-aspect-ratio: 620\/652;\" \/><\/p>\n","protected":false},"excerpt":{"rendered":"<p>Richard Mille se porte bien et le fait savoir : en quelques jours, la marque \u00e0 annonc\u00e9 un nouveau Directeur<\/p>\n","protected":false},"author":1,"featured_media":9320,"comment_status":"open","ping_status":"open","sticky":false,"template":"","format":"standard","meta":{"_acf_changed":false,"footnotes":""},"categories":[709],"tags":[706],"class_list":["post-9319","post","type-post","status-publish","format-standard","has-post-thumbnail","hentry","category-richard-mille","tag-au-fil-de-lactualite"],"acf":[],"_links":{"self":[{"href":"https:\/\/leguidedesmontres.com\/fr\/wp-json\/wp\/v2\/posts\/9319","targetHints":{"allow":["GET"]}}],"collection":[{"href":"https:\/\/leguidedesmontres.com\/fr\/wp-json\/wp\/v2\/posts"}],"about":[{"href":"https:\/\/leguidedesmontres.com\/fr\/wp-json\/wp\/v2\/types\/post"}],"author":[{"embeddable":true,"href":"https:\/\/leguidedesmontres.com\/fr\/wp-json\/wp\/v2\/users\/1"}],"replies":[{"embeddable":true,"href":"https:\/\/leguidedesmontres.com\/fr\/wp-json\/wp\/v2\/comments?post=9319"}],"version-history":[{"count":0,"href":"https:\/\/leguidedesmontres.com\/fr\/wp-json\/wp\/v2\/posts\/9319\/revisions"}],"wp:featuredmedia":[{"embeddable":true,"href":"https:\/\/leguidedesmontres.com\/fr\/wp-json\/wp\/v2\/media\/9320"}],"wp:attachment":[{"href":"https:\/\/leguidedesmontres.com\/fr\/wp-json\/wp\/v2\/media?parent=9319"}],"wp:term":[{"taxonomy":"category","embeddable":true,"href":"https:\/\/leguidedesmontres.com\/fr\/wp-json\/wp\/v2\/categories?post=9319"},{"taxonomy":"post_tag","embeddable":true,"href":"https:\/\/leguidedesmontres.com\/fr\/wp-json\/wp\/v2\/tags?post=9319"}],"curies":[{"name":"wp","href":"https:\/\/api.w.org\/{rel}","templated":true}]}}