{"id":9341,"date":"2013-02-25T20:36:03","date_gmt":"2013-02-25T18:36:03","guid":{"rendered":"https:\/\/leguidedesmontres.com\/fr\/actualites\/peter-stas-ceo-frederique-constant-interview-exclusive\/"},"modified":"2013-02-25T20:36:03","modified_gmt":"2013-02-25T18:36:03","slug":"peter-stas-ceo-frederique-constant-interview-exclusive","status":"publish","type":"post","link":"https:\/\/leguidedesmontres.com\/fr\/actualites\/peter-stas-ceo-frederique-constant-interview-exclusive\/","title":{"rendered":"Peter Stas, CEO Fr\u00e9d\u00e9rique Constant : Interview exclusive"},"content":{"rendered":"<p><img decoding=\"async\" data-src=\"\/fr\/wp-content\/uploads\/2025\/06\/132_peter_stas_frederique_constant.jpg\" alt=\"Peter Stas, CEO Fr\u00e9d\u00e9rique Constant : Interview exclusive\" class=\"wp-image featured-image lazyload\" src=\"data:image\/svg+xml;base64,PHN2ZyB3aWR0aD0iMSIgaGVpZ2h0PSIxIiB4bWxucz0iaHR0cDovL3d3dy53My5vcmcvMjAwMC9zdmciPjwvc3ZnPg==\" style=\"--smush-placeholder-width: 620px; --smush-placeholder-aspect-ratio: 620\/760;\" \/><\/p>\n<p><strong><span>Peter Stas<\/span><\/strong><span> est le CEO de <a target=\"_blank\" href=\"https:\/\/leguidedesmontres.com\/fr\/actualites\/110\/frederique-constant-se-lance-dans-le-tourbillon\"><strong>Fr\u00e9d\u00e9rique Constant<\/strong><\/a>. Dans un entretien exclusif au <a target=\"_blank\" href=\"https:\/\/leguidedesmontres.com\/fr\/\"><strong>Guide des Montres<\/strong><\/a>, il revient sur l&rsquo;ann\u00e9e pass\u00e9e et les ambitions de la marque. <\/span><\/p>\n<\/p>\n<p><b><i><span>Comment s&rsquo;est conclue l&rsquo;ann\u00e9e 2012 pour Fr\u00e9d\u00e9rique Constant ?<\/span><\/i><\/b><\/p>\n<\/p>\n<p><span>Nos march\u00e9s se portent tous bien, nous sommes en <strong>croissance de + 10,3%<\/strong>. Le march\u00e9 am\u00e9ricain est clairement celui qui affiche la plus forte performance, avec + 46%. C&rsquo;est un espace o\u00f9 nous vendons beaucoup nos entr\u00e9es et milieu de gamme ainsi qu&rsquo;un grand nombre de pi\u00e8ces pour femmes. Nous sommes bien identifi\u00e9s comme une marque horlog\u00e8re accessible et de tr\u00e8s bonne facture. Ce positionnement coh\u00e9rent nous permet aujourd&rsquo;hui d&rsquo;\u00eatre pr\u00e9sents dans un nombre croissants de pays, notamment par le biais de plus de <strong>100 points de vente propres \u00e0 la marque<\/strong>, nos &lsquo;flagship stores&rsquo;. Notre derni\u00e8re ouverture est en Mongolie et nous allons poursuivre cette dynamique. <\/span><\/p>\n<\/p>\n<p><b><i><span>Le segment haute horlogerie de Fr\u00e9d\u00e9rique Constant suit-il la m\u00eame tendance ? <\/span><\/i><\/b><\/p>\n<\/p>\n<p><span>Les chiffres parlent d&rsquo;eux-m\u00eames : nous avons vendus plus de <strong>100 tourbillons<\/strong> l&rsquo;ann\u00e9e derni\u00e8re. <\/span><\/p>\n<\/p>\n<p><b><i><span>Il n&rsquo;y a pas de risque de concurrence interne entre les marques du groupe ? <\/span><\/i><\/b><\/p>\n<\/p>\n<p><span>Je ne pense pas, non. Alpina et <a target=\"_blank\" href=\"https:\/\/leguidedesmontres.com\/fr\/actualites\/66\/frederique-constant-worldtimer-a-ne-pas-manquer-\"><strong>Fr\u00e9d\u00e9rique Constant<\/strong><\/a> sont sur des positionnements bien diff\u00e9rents. Quant aux Ateliers de Monaco, dont nous avons 95%, son segment est celui de la haute horlogerie ind\u00e9pendante, sur lequel nous n&rsquo;allons pas avec nos autres marques. En cons\u00e9quence, le profil client n&rsquo;est pas le m\u00eame. Chez Fr\u00e9d\u00e9rique Constant, par exemple, nous sommes particuli\u00e8rement en phase avec un profil masculin, plut\u00f4t business, que nous pouvons accompagner sur le long terme avec des pi\u00e8ces allant de l&rsquo;entr\u00e9e de gamme jusqu&rsquo;au tourbillon. Il est aussi int\u00e9ressant de noter que nous sommes probablement la derni\u00e8re maison \u00e0 proposer des pi\u00e8ces m\u00e9caniques pour un public jeune, adolescent. <\/span><\/p>\n<\/p>\n<p><b><i><span>Comment \u00e9volue le segment de la montre pour femme ? <\/span><\/i><\/b><\/p>\n<\/p>\n<p><span>Globalement, 40% de nos ventes sont r\u00e9alis\u00e9es pour les femmes. C&rsquo;est d&rsquo;ailleurs une proportion qui tend \u00e0 s&rsquo;accro\u00eetre, support\u00e9e notamment par nos Slimline qui rencontrent un vrai succ\u00e8s. En parall\u00e8le, alors que nous investissons progressivement le segment de la haute horlogerie, nous constatons que les femmes restent \u00e0 l&rsquo;\u00e9cart des grandes complications. La raison en est simple : une complication accro\u00eet l&rsquo;\u00e9paisseur de boitier, ce dont la plupart des femmes ne veulent pas.<\/span><\/p>\n<\/p>\n<p><b><i><span>2013 sera une ann\u00e9e tr\u00e8s centr\u00e9e sur le mouvement ? <\/span><\/i><\/b><\/p>\n<\/p>\n<p><span>C&rsquo;est en effet la direction que nous prenons, sans pour autant quitter nos autres segments, bien au contraire. Mais, effectivement, nous avons nos propres \u00e9quipes de d\u00e9veloppeurs, d&rsquo;ing\u00e9nieurs, d&rsquo;assemblage et nos propres CNC. C&rsquo;est un cap important pour nous. Nous laissons pour le moment la finition \u00e0 des partenaires externes pour nous concentrer vraiment sur le mouvement. <\/span><\/p>\n<\/p>\n<p><span>Olivier M\u00fcller<\/span><\/p>\n<\/p>\n<p><i><span>Visuel \u00a9 Fr\u00e9d\u00e9rique Constant<\/span><\/i><\/p><\/p>\n","protected":false},"excerpt":{"rendered":"<p>Peter Stas est le CEO de Fr\u00e9d\u00e9rique Constant. Dans un entretien exclusif au Guide des Montres, il revient sur l&rsquo;ann\u00e9e<\/p>\n","protected":false},"author":1,"featured_media":9342,"comment_status":"open","ping_status":"open","sticky":false,"template":"","format":"standard","meta":{"_acf_changed":false,"footnotes":""},"categories":[705],"tags":[711],"class_list":["post-9341","post","type-post","status-publish","format-standard","has-post-thumbnail","hentry","category-autre","tag-interview"],"acf":[],"_links":{"self":[{"href":"https:\/\/leguidedesmontres.com\/fr\/wp-json\/wp\/v2\/posts\/9341","targetHints":{"allow":["GET"]}}],"collection":[{"href":"https:\/\/leguidedesmontres.com\/fr\/wp-json\/wp\/v2\/posts"}],"about":[{"href":"https:\/\/leguidedesmontres.com\/fr\/wp-json\/wp\/v2\/types\/post"}],"author":[{"embeddable":true,"href":"https:\/\/leguidedesmontres.com\/fr\/wp-json\/wp\/v2\/users\/1"}],"replies":[{"embeddable":true,"href":"https:\/\/leguidedesmontres.com\/fr\/wp-json\/wp\/v2\/comments?post=9341"}],"version-history":[{"count":0,"href":"https:\/\/leguidedesmontres.com\/fr\/wp-json\/wp\/v2\/posts\/9341\/revisions"}],"wp:featuredmedia":[{"embeddable":true,"href":"https:\/\/leguidedesmontres.com\/fr\/wp-json\/wp\/v2\/media\/9342"}],"wp:attachment":[{"href":"https:\/\/leguidedesmontres.com\/fr\/wp-json\/wp\/v2\/media?parent=9341"}],"wp:term":[{"taxonomy":"category","embeddable":true,"href":"https:\/\/leguidedesmontres.com\/fr\/wp-json\/wp\/v2\/categories?post=9341"},{"taxonomy":"post_tag","embeddable":true,"href":"https:\/\/leguidedesmontres.com\/fr\/wp-json\/wp\/v2\/tags?post=9341"}],"curies":[{"name":"wp","href":"https:\/\/api.w.org\/{rel}","templated":true}]}}