{"id":9343,"date":"2013-02-20T14:08:58","date_gmt":"2013-02-20T12:08:58","guid":{"rendered":"https:\/\/leguidedesmontres.com\/fr\/actualites\/jean-claude-biver-hublot-interview-au-sommet\/"},"modified":"2013-02-20T14:08:58","modified_gmt":"2013-02-20T12:08:58","slug":"jean-claude-biver-hublot-interview-au-sommet","status":"publish","type":"post","link":"https:\/\/leguidedesmontres.com\/fr\/actualites\/jean-claude-biver-hublot-interview-au-sommet\/","title":{"rendered":"Jean-Claude Biver (Hublot) : Interview au sommet"},"content":{"rendered":"<p><img decoding=\"async\" data-src=\"\/fr\/wp-content\/uploads\/2025\/06\/131_cerlatti_zegg_biver_riesch_.jpg\" alt=\"Jean-Claude Biver (Hublot) : Interview au sommet\" class=\"wp-image featured-image lazyload\" src=\"data:image\/svg+xml;base64,PHN2ZyB3aWR0aD0iMSIgaGVpZ2h0PSIxIiB4bWxucz0iaHR0cDovL3d3dy53My5vcmcvMjAwMC9zdmciPjwvc3ZnPg==\" style=\"--smush-placeholder-width: 620px; --smush-placeholder-aspect-ratio: 620\/465;\" \/><\/p>\n<p><span>C\u2019est \u00e0 <strong>3000 m\u00e8tres d\u2019altitude<\/strong> que nous avons rendez vous. <a target=\"_blank\" href=\"http:\/\/fr.wikipedia.org\/wiki\/Jean-Claude_Biver\" rel=\"noopener noreferrer nofollow\">Jean Claude Biver<\/a>, attabl\u00e9 au soleil face \u00e0 un panorama \u00e0 couper le souffle, desserre ses chaussures de ski et partage avec vous un morceau du savoureux gruy\u00e8re qu\u2019il fabrique. A sa droite, <strong>Tina Zegg<\/strong>, \u00e0 sa gauche <strong>Maria Reisch<\/strong>. Il dit en riant qu\u2019il a toujours su bien s\u2019entourer. <\/span><\/p>\n<p><span>Rencontre avec <strong>un sommet de l\u2019horlogerie<\/strong>.<\/span><\/p>\n<p><b><span>NS : Champion de ski, champion d\u2019horlogerie, champion de fromagerie ? Y a t-il quelque chose que faites mal ?<\/span><\/b><\/p>\n<\/p>\n<p><span>(rire)Oui plein ! Mais je laisse \u00e0 Sandra, mon \u00e9pouse, le soin de vous r\u00e9pondre !<\/span><\/p>\n<p><span>Pour le ski, m\u00eame si j\u2019ai commenc\u00e9 relativement tard (13 ans), la passion m\u2019a donn\u00e9 des ailes <span> <\/span>et je suis devenu moniteur ensuite pour financer mes \u00e9tudes \u00e0 HEC. A cette<span>  <\/span>m\u00eame \u00e9poque, j\u2019\u00e9tais li\u00e9 d\u2019amiti\u00e9 avec Jacques Piguet, dont le p\u00e8re dirigeait la fameuse manufacture Fred Piguet, qui fournissait des mouvements \u00e0 la moiti\u00e9 de l\u2019arc Jurassien. Nous nous entra\u00eenions pour le marathon et nos courses \u00e9taient ponctu\u00e9es de discussions horlog\u00e8res. Lors d\u2019une r\u00e9ception, en 1975, j\u2019ai rencontr\u00e9 Georges Golay, le patron d\u2019<a target=\"_blank\" href=\"https:\/\/leguidedesmontres.com\/fr\/prix-du-neuf\/audemars-piguet\">Audemars Piguet<\/a> dont la nouvelle <a target=\"_blank\" href=\"https:\/\/leguidedesmontres.com\/fr\/collectionneurs\/27\/la-royal-oak-en-questions\">Royal Oak<\/a> cassait tous les codes de l\u2019\u00e9poque. Il me donne ma chance. Le succ\u00e8s m\u2019ouvrait ses bras. En 1981, l\u2019occasion de racheter <a target=\"_blank\" href=\"https:\/\/leguidedesmontres.com\/fr\/prix-du-neuf\/blancpain\">Blancpain<\/a> pour 22 000 francs suisse \u00e9tait trop belle et Jacques Piguet m\u2019a encore \u00e9paul\u00e9 dans cette aventure, un peu folle. Le monde pensait quartz, et Blancpain l\u2019inverse. <strong>J\u2019en ai fait le slogan de la manufacture<\/strong>. <\/span><\/p>\n<\/p>\n<p><b><span>NS : Sacr\u00e9 pari, car vous auriez pu tout perdre si le quartz s\u2019\u00e9tait impos\u00e9 au d\u00e9triment des montres m\u00e9caniques. <\/span><\/b><\/p>\n<\/p>\n<p><span>Oui<span>  <\/span>et je dois remercier Steve Jobs et Bill Gates ! Car la multiplication des ordinateurs des ann\u00e9es 80 ont compl\u00e8tement banalis\u00e9 le quartz et l\u2019obtention de l\u2019heure par le biais d\u2019une pile ! Mon ami <a target=\"_blank\" href=\"http:\/\/fr.wikipedia.org\/wiki\/Nicolas_Hayek\" rel=\"noopener noreferrer nofollow\">Hayek<\/a> qui avait tout compris, a fait le reste. Le quartz dans le plastique des Swatchs a polaris\u00e9 le march\u00e9, entre les montres \u00e0 quartz d\u2019un c\u00f4t\u00e9, et l\u2019Horlogerie m\u00e9canique de l\u2019autre. Les montres dites de luxe n\u2019avaient d\u2019avenir que d\u00e8s lors qu\u2019elles poss\u00e9daient un mouvement m\u00e9canique \u00e0 l\u2019int\u00e9rieur. C\u2019est d\u2019ailleurs pour cela qu\u2019<strong>Hayek nous a rachet\u00e9 Blancpain en 1991 pr\u00e8s de 200 millions de francs suisse !<\/strong> <\/span><\/p>\n<p><span>Ensuite il m\u2019a laiss\u00e9 les rennes d\u2019<a target=\"_blank\" href=\"https:\/\/leguidedesmontres.com\/fr\/prix-du-neuf\/omega\">Om\u00e9ga<\/a> pendant une dizaine d\u2019ann\u00e9e et l\u2019explosion de l\u2019horlogerie m\u00e9canique des ann\u00e9es 90 a fait le reste.<\/span><\/p>\n<\/p>\n<p><b><span>NS : A cette \u00e9poque, votre vie personnelle conna\u00eet un rebondissement<\/span><\/b><\/p>\n<\/p>\n<p><span>Oui, un cadeau de la vie. Devenir une derni\u00e8re fois papa \u00e0 50 ans en 2000 a \u00e9t\u00e9 un grand chamboulement. Je ne voulais pas que Pierre, mon fils, se plaigne d\u2019un p\u00e8re trop \u00e2g\u00e9. Il fallait que je me comporte comme un jeune p\u00e8re. A titre personnel, je me suis rachet\u00e9 une paire de ski et un voilier sportif ! A titre professionnel, je me suis mis en qu\u00eate d\u2019un nouveau d\u00e9fi. Fin 2003, je d\u00e9jeune avec Carlo Crocco \u00e0 Lugano dont la marque, <a target=\"_blank\" href=\"https:\/\/leguidedesmontres.com\/fr\/prix-du-neuf\/hublot\">Hublot<\/a>, peine \u00e0 trouver un second souffle. La marque a une identit\u00e9 forte, mais les produits ne correspondent plus aux canons du moment. Je propose \u00e0 Crocco de prendre les commandes de la boite contre 20% du capital, car je sens le potentiel. Gr\u00e2ce au talent de Mijatovich, mon copain designer, et en s\u2019inspirant de la m\u00e9thode d\u2019\u00e9volution de la Porsche 911, nous avons r\u00e9ussi a cr\u00e9er en 2005, <strong>un big bang horloger<\/strong> !<\/span><\/p>\n<\/p>\n<p><b><span>NS : D\u2019ou cette appellation peu commune en horlogerie. Le succ\u00e8s d\u2019Hublot va aiguiser d\u2019autres appetits\u2026<\/span><\/b><\/p>\n<\/p>\n<p><span>Oui Hublot a connu une ascension fulgurante, en croulant sous les r\u00e9compenses et les succ\u00e8s commerciaux. Je dois \u00e0 ce titre souligner le formidable travail accompli par les \u00e9quipes qui a l\u2019\u00e9poque ont pris le risque de me rejoindre. D\u00e8s lors, en 2008, lorsque le <strong>groupe LVMH<\/strong> nous a fait une offre, j\u2019ai compris qu\u2019il \u00e9tait pour nous indispensable de s\u2019appuyer sur la puissance d\u2019un groupe. Les ann\u00e9es 2000 ont vu le march\u00e9 horloger exploser sous l\u2019impulsion des \u00ab <strong>Brics<\/strong> \u00bb (<strong>Bresil<\/strong>, <strong>Russie<\/strong>, <strong>Inde<\/strong>, <strong>Chine<\/strong>\u2026) et il fallait un investisseur solide pour permettre \u00e0 la marque de se doter d\u2019un outil de production performant, comme <strong>notre usine de 6000 m2<\/strong>.<\/span><\/p>\n<\/p>\n<p><b><span>NS : Pour finir, parlez moi de cette derni\u00e8re d\u00e9clinaison \u00ab denim \u00bb qui nous a r\u00e9unis aujourd\u2019hui \u00e0 Samnaun.<\/span><\/b><\/p>\n<\/p>\n<p><span>Nous sommes ici \u00e0 3000 m\u00e8tres au c\u0153ur des Alpes Austrio Suisse, dans le <strong>village natal de Tina Zegg<\/strong>, Samnaun. Tina et son mari <strong>Carlo Cerlatti<\/strong>, sont les fondateurs de la <strong>c\u00e9l\u00e8bre boutique \u00e9ponyme de Monaco<\/strong> et des grands revendeurs Hublot. Lorsque Tina est venue me voir cet automne, elle portait comme toujours, un de ses incroyables jeans dont elle raffole, et une belle id\u00e9e en t\u00eate : d\u00e8s lors que le jean est devenu un objet de luxe dont se sont empar\u00e9s toutes les marques, pourquoi n\u2019aurait-il pas sa place dans un cadran de montre ?<span>  <\/span>L\u2019id\u00e9e est s\u00e9duisante, mais il faut d\u2019une part que la c\u00e9l\u00e8bre toile re\u00e7oive un traitement sp\u00e9cial pour ne pas qu\u2019elle peluche, et d\u2019autre part, qu\u2019elle soit affin\u00e9e de pr\u00e8s de 70% pour ne pas g\u00eaner le ballet des aiguilles. En d\u00e9cembre, nous avons sorti un proto tr\u00e8s encourageant. D\u00e8s lors, cette s\u00e9rie ouvrait tous les champs des possibles en terme personnalisation, ce dont nos clients sont tr\u00e8s friands. En Janvier \u00e0 Gen\u00e8ve, nous l\u2019avons pr\u00e9sent\u00e9 \u00e0 nos d\u00e9taillants et le succ\u00e8s a \u00e9t\u00e9 imm\u00e9diat.<\/span><\/p>\n<\/p>\n<p><b><span>NS : Comme toujours, vous avez su convaincre LA bonne personne pour devenir l\u2019ambassadrice Hublot de ce mod\u00e8le.<\/span><\/b><\/p>\n<\/p>\n<p><span>Quel bonheur ! <strong>Maria Riesch<\/strong>, <strong>triple championne olympique et 24 victoires en coupe du monde de ski<\/strong>. Le plus beau palmar\u00e8s de l\u2019histoire du ski f\u00e9minin ! Pour nous, cette journ\u00e9e de ski qu\u2019elle nous accorde aujourd\u2019hui entre deux \u00e9preuves du championnat, est un cadeau du ciel. <strong>Tina Zegg<\/strong>, l\u2019enfant du pays, a grandi entre deux piquets de slalom. Pour le fan de ski que je suis, jamais je n\u2019ai \u00e9t\u00e9 aussi bien accompagn\u00e9 sur un t\u00e9l\u00e9-si\u00e8ge ! La station, fond\u00e9e par la famille de Tina, est un diamant \u00e0 elle seule. La qualit\u00e9 de l\u2019accueil d\u00e9livr\u00e9 par son p\u00e8re Hubert, et son fr\u00e8re Olivier, rend le d\u00e9part encore plus difficile ! Mais demain, je dois rejoindre Nyon. B\u00e2le approche \u00e0 grand pas et Hublot va y encore d\u00e9ployer des tr\u00e9sors de nouveaut\u00e9s.<\/span><\/p>\n<\/p>\n<p><b>Interview faite par notre envoy\u00e9 sp\u00e9cial Nicolas SALOMON <\/b><\/p>\n<\/p>\n<p><img decoding=\"async\" data-src=\"\/fr\/wp-content\/uploads\/2025\/06\/131_481_zegg__riesch.jpg\" alt=\"\" class=\"wp-image lazyload\" src=\"data:image\/svg+xml;base64,PHN2ZyB3aWR0aD0iMSIgaGVpZ2h0PSIxIiB4bWxucz0iaHR0cDovL3d3dy53My5vcmcvMjAwMC9zdmciPjwvc3ZnPg==\" style=\"--smush-placeholder-width: 620px; --smush-placeholder-aspect-ratio: 620\/411;\" \/><br \/>\n<img decoding=\"async\" data-src=\"\/fr\/wp-content\/uploads\/2025\/06\/131_482_hublot_denim_ns.jpg\" alt=\"\" class=\"wp-image lazyload\" src=\"data:image\/svg+xml;base64,PHN2ZyB3aWR0aD0iMSIgaGVpZ2h0PSIxIiB4bWxucz0iaHR0cDovL3d3dy53My5vcmcvMjAwMC9zdmciPjwvc3ZnPg==\" style=\"--smush-placeholder-width: 620px; --smush-placeholder-aspect-ratio: 620\/411;\" \/><br \/>\n<img decoding=\"async\" data-src=\"\/fr\/wp-content\/uploads\/2025\/06\/131_483_hublot_denim_saphir_ns_2.jpg\" alt=\"\" class=\"wp-image lazyload\" src=\"data:image\/svg+xml;base64,PHN2ZyB3aWR0aD0iMSIgaGVpZ2h0PSIxIiB4bWxucz0iaHR0cDovL3d3dy53My5vcmcvMjAwMC9zdmciPjwvc3ZnPg==\" style=\"--smush-placeholder-width: 620px; --smush-placeholder-aspect-ratio: 620\/459;\" \/><\/p>\n","protected":false},"excerpt":{"rendered":"<p>C\u2019est \u00e0 3000 m\u00e8tres d\u2019altitude que nous avons rendez vous. Jean Claude Biver, attabl\u00e9 au soleil face \u00e0 un panorama<\/p>\n","protected":false},"author":1,"featured_media":9344,"comment_status":"open","ping_status":"open","sticky":false,"template":"","format":"standard","meta":{"_acf_changed":false,"footnotes":""},"categories":[735],"tags":[711],"class_list":["post-9343","post","type-post","status-publish","format-standard","has-post-thumbnail","hentry","category-hublot","tag-interview"],"acf":[],"_links":{"self":[{"href":"https:\/\/leguidedesmontres.com\/fr\/wp-json\/wp\/v2\/posts\/9343","targetHints":{"allow":["GET"]}}],"collection":[{"href":"https:\/\/leguidedesmontres.com\/fr\/wp-json\/wp\/v2\/posts"}],"about":[{"href":"https:\/\/leguidedesmontres.com\/fr\/wp-json\/wp\/v2\/types\/post"}],"author":[{"embeddable":true,"href":"https:\/\/leguidedesmontres.com\/fr\/wp-json\/wp\/v2\/users\/1"}],"replies":[{"embeddable":true,"href":"https:\/\/leguidedesmontres.com\/fr\/wp-json\/wp\/v2\/comments?post=9343"}],"version-history":[{"count":0,"href":"https:\/\/leguidedesmontres.com\/fr\/wp-json\/wp\/v2\/posts\/9343\/revisions"}],"wp:featuredmedia":[{"embeddable":true,"href":"https:\/\/leguidedesmontres.com\/fr\/wp-json\/wp\/v2\/media\/9344"}],"wp:attachment":[{"href":"https:\/\/leguidedesmontres.com\/fr\/wp-json\/wp\/v2\/media?parent=9343"}],"wp:term":[{"taxonomy":"category","embeddable":true,"href":"https:\/\/leguidedesmontres.com\/fr\/wp-json\/wp\/v2\/categories?post=9343"},{"taxonomy":"post_tag","embeddable":true,"href":"https:\/\/leguidedesmontres.com\/fr\/wp-json\/wp\/v2\/tags?post=9343"}],"curies":[{"name":"wp","href":"https:\/\/api.w.org\/{rel}","templated":true}]}}