{"id":9407,"date":"2012-11-21T19:59:18","date_gmt":"2012-11-21T17:59:18","guid":{"rendered":"https:\/\/leguidedesmontres.com\/fr\/actualites\/jaeger-lecoultre-inaugure-sa-boutique-place-vendome\/"},"modified":"2012-11-21T19:59:18","modified_gmt":"2012-11-21T17:59:18","slug":"jaeger-lecoultre-inaugure-sa-boutique-place-vendome","status":"publish","type":"post","link":"https:\/\/leguidedesmontres.com\/fr\/actualites\/jaeger-lecoultre-inaugure-sa-boutique-place-vendome\/","title":{"rendered":"Jaeger-LeCoultre inaugure sa boutique Place Vend\u00f4me"},"content":{"rendered":"<p><img decoding=\"async\" data-src=\"\/fr\/wp-content\/uploads\/2025\/06\/96_6d833246_8261_4eb3_9731_b7acaf7b0ce2augure.jpg\" alt=\"Jaeger-LeCoultre inaugure sa boutique Place Vend\u00f4me\" class=\"wp-image featured-image lazyload\" src=\"data:image\/svg+xml;base64,PHN2ZyB3aWR0aD0iMSIgaGVpZ2h0PSIxIiB4bWxucz0iaHR0cDovL3d3dy53My5vcmcvMjAwMC9zdmciPjwvc3ZnPg==\" style=\"--smush-placeholder-width: 470px; --smush-placeholder-aspect-ratio: 470\/311;\" \/><\/p>\n<p><b>20 novembre 2012, Paris <\/b>\u2013 \u00c0 la veille de la c\u00e9l\u00e9bration du <strong>180<span>e <\/span>anniversaire de sa <i>Manufacture<\/i><\/strong><i>, <\/i><a target=\"_blank\" href=\"https:\/\/leguidedesmontres.com\/fr\/prix-du-neuf\/jaeger-lecoultre\">Jaeger-LeCoultre<\/a> donne rendez-vous aux amateurs de Haute Horlogerie au num\u00e9ro <strong>7 de Place Vend\u00f4me<\/strong>, dans un nouvel espace de 500 m2. Cette boutique <a target=\"_blank\" href=\"https:\/\/leguidedesmontres.com\/fr\/prix-du-neuf\/jaeger-lecoultre\">Jaeger-LeCoultre<\/a>, <strong>la plus grande du monde<\/strong>, propose un nouveau concept de design int\u00e9rieur : un espace chaleureux et lumineux o\u00f9 <a target=\"_blank\" href=\"https:\/\/leguidedesmontres.com\/fr\/prix-du-neuf\/jaeger-lecoultre\">Jaeger-LeCoultre<\/a> pourra mettre en valeur \u00e0 la fois son pass\u00e9, son pr\u00e9sent et son futur&#8230;<\/p>\n<\/p>\n<p><strong>J\u00e9r\u00f4me Lambert<\/strong>, <strong>CEO de Jaeger-LeCoultre<\/strong>, a inaugur\u00e9 ce lieu exceptionnel qui refl\u00e8te tout le prestige de la Maison en coupant le ruban aux c\u00f4t\u00e9s de <a target=\"_blank\" href=\"http:\/\/fr.wikipedia.org\/wiki\/Diane_Kruger\" rel=\"noopener noreferrer nofollow\">Diane Kruger<\/a>, amie de Jaeger-LeCoultre, visage de sa collection f\u00e9minine, et de Guillain Maspetiol, directeur de Jaeger-LeCoultre France.<\/p>\n<p>La Place Vend\u00f4me, le c\u0153ur m\u00eame du luxe \u00e0 la fran\u00e7aise, a accueilli les invit\u00e9s de Jaeger-LeCoultre sous des faisceaux lumineux projet\u00e9s depuis la l\u00e9gendaire colonne Vend\u00f4me qui illuminaient la nouvelle boutique, r\u00e9v\u00e9lant un d\u00e9licat motif de rouages sur sa fa\u00e7ade et ses fen\u00eatres.<\/p>\n<p><img decoding=\"async\" data-src=\"\/fr\/wp-content\/uploads\/2025\/06\/96_328_84185825_31db_433f_b889_0241a5da1d6daugure.jpg\" alt=\"\" class=\"wp-image lazyload\" src=\"data:image\/svg+xml;base64,PHN2ZyB3aWR0aD0iMSIgaGVpZ2h0PSIxIiB4bWxucz0iaHR0cDovL3d3dy53My5vcmcvMjAwMC9zdmciPjwvc3ZnPg==\" style=\"--smush-placeholder-width: 528px; --smush-placeholder-aspect-ratio: 528\/351;\" \/><\/p>\n<p>Parmi les invit\u00e9s ; <a target=\"_blank\" href=\"http:\/\/fr.wikipedia.org\/wiki\/Catherine_Deneuve\" rel=\"noopener noreferrer nofollow\">Catherine Deneuve<\/a>, <a target=\"_blank\" href=\"http:\/\/fr.wikipedia.org\/wiki\/Carmen_Chaplin\" rel=\"noopener noreferrer nofollow\">Carmen Chaplin<\/a>, <a target=\"_blank\" href=\"http:\/\/fr.wikipedia.org\/wiki\/Isabelle_Huppert\" rel=\"noopener noreferrer nofollow\">Isabelle Huppert<\/a>, <a target=\"_blank\" href=\"http:\/\/fr.wikipedia.org\/wiki\/In%C3%A8s_de_La_Fressange\" rel=\"noopener noreferrer nofollow\">In\u00e8s de la Fressange<\/a>, <a target=\"_blank\" href=\"http:\/\/fr.wikipedia.org\/wiki\/Vincent_P%C3%A9rez\" rel=\"noopener noreferrer nofollow\">Vincent Perez<\/a>, <a target=\"_blank\" href=\"http:\/\/www.imdb.com\/name\/nm1866365\/\" rel=\"noopener noreferrer nofollow\">Jos\u00e9 Luis Rebordinos<\/a>, <a target=\"_blank\" href=\"http:\/\/www.olgasorokina.com\/\" rel=\"noopener noreferrer nofollow\">Olga Sorokina<\/a> et <a target=\"_blank\" href=\"http:\/\/fr.wikipedia.org\/wiki\/Marina_Hands\" rel=\"noopener noreferrer nofollow\">Marina Hands<\/a>.<\/p>\n<p>Cette nouvelle boutique, lieu de r\u00e9ception et de rencontres destin\u00e9 aux collectionneurs, aux amateurs de la marque et \u00e0 tous les connaisseurs de Haute Horlogerie, <strong>rassemblait en cette soir\u00e9e des tr\u00e9sors rarement pr\u00e9sent\u00e9s au grand public<\/strong> : du plus petit mouvement m\u00e9canique au monde, un Calibre 101,<span>\t<\/span><strong>jusqu\u2019aux<\/strong><\/p>\n<p><strong>m\u00e9canismes<span>\t<\/span>les<span>\t<\/span>plus<span>\t<\/span>complexes,<span>\t<\/span>constitu\u00e9s<span>\t<\/span>de 1 200 composants<\/strong>.<\/p>\n<p><img decoding=\"async\" data-src=\"\/fr\/wp-content\/uploads\/2025\/06\/96_330_898f764b_c12a_48f4_bda4_2debdf4250e7augure.jpg\" alt=\"\" class=\"wp-image lazyload\" src=\"data:image\/svg+xml;base64,PHN2ZyB3aWR0aD0iMSIgaGVpZ2h0PSIxIiB4bWxucz0iaHR0cDovL3d3dy53My5vcmcvMjAwMC9zdmciPjwvc3ZnPg==\" style=\"--smush-placeholder-width: 547px; --smush-placeholder-aspect-ratio: 547\/365;\" \/><\/p>\n<p>Hommage \u00e0 la technicit\u00e9 et au luxe de la Haute Horlogerie, Jaeger- LeCoultre a d\u00e9voil\u00e9 son <strong>Duom\u00e8tre Unique Travel Time<\/strong>, une <strong>s\u00e9rie limit\u00e9e \u00e0 100 exemplaires<\/strong> et propos\u00e9e pour l\u2019inauguration de la boutique de la Place Vend\u00f4me. Deux chiffres rouges appliqu\u00e9s sur le cadran, le 7 et le 9, rendent hommage \u00e0 l\u2019adresse de la Boutique.<\/p>\n<\/p>\n<p>La montre Duom\u00e8tre Unique Travel Time refl\u00e8te les avanc\u00e9es techniques de la Manufacture dans le domaine des montres \u00e0 fuseaux horaires et offre des solutions in\u00e9dites aux voyageurs : pour la premi\u00e8re fois, l\u2019utilisateur peut r\u00e9gler l\u2019heure du fuseau horaire de voyage \u00e0 la minute pr\u00e8s.Grande cr\u00e9atrice internationale de montres, la Maison a tiss\u00e9 de v\u00e9ritables liens avec les amateurs de Haute Horlogerie.<\/p>\n<\/p>\n<p>Plus de <strong>800 invit\u00e9s ont re\u00e7u un accueil chaleureux sur la Place Vend\u00f4me<\/strong> et f\u00eat\u00e9 l\u2019\u00e9v\u00e9nement au <strong>Grand H\u00f4tel<\/strong>, o\u00f9 la soir\u00e9e s\u2019est poursuivie par un cocktail, un spectacle d\u2019artistes du cirque canadien Eloiz ainsi qu\u2019un show \u00e9questre dirig\u00e9 par le dresseur Mario Luraschi.<\/p>\n<p><img decoding=\"async\" data-src=\"\/fr\/wp-content\/uploads\/2025\/06\/96_332_3c895e9d_9c22_4235_a0d7_473eb65a90f2augure.jpg\" alt=\"\" class=\"wp-image lazyload\" src=\"data:image\/svg+xml;base64,PHN2ZyB3aWR0aD0iMSIgaGVpZ2h0PSIxIiB4bWxucz0iaHR0cDovL3d3dy53My5vcmcvMjAwMC9zdmciPjwvc3ZnPg==\" style=\"--smush-placeholder-width: 479px; --smush-placeholder-aspect-ratio: 479\/318;\" \/><\/p>\n","protected":false},"excerpt":{"rendered":"<p>20 novembre 2012, Paris \u2013 \u00c0 la veille de la c\u00e9l\u00e9bration du 180e anniversaire de sa Manufacture, Jaeger-LeCoultre donne rendez-vous<\/p>\n","protected":false},"author":1,"featured_media":9408,"comment_status":"open","ping_status":"open","sticky":false,"template":"","format":"standard","meta":{"_acf_changed":false,"footnotes":""},"categories":[707],"tags":[706],"class_list":["post-9407","post","type-post","status-publish","format-standard","has-post-thumbnail","hentry","category-jaeger-lecoultre","tag-au-fil-de-lactualite"],"acf":[],"_links":{"self":[{"href":"https:\/\/leguidedesmontres.com\/fr\/wp-json\/wp\/v2\/posts\/9407","targetHints":{"allow":["GET"]}}],"collection":[{"href":"https:\/\/leguidedesmontres.com\/fr\/wp-json\/wp\/v2\/posts"}],"about":[{"href":"https:\/\/leguidedesmontres.com\/fr\/wp-json\/wp\/v2\/types\/post"}],"author":[{"embeddable":true,"href":"https:\/\/leguidedesmontres.com\/fr\/wp-json\/wp\/v2\/users\/1"}],"replies":[{"embeddable":true,"href":"https:\/\/leguidedesmontres.com\/fr\/wp-json\/wp\/v2\/comments?post=9407"}],"version-history":[{"count":0,"href":"https:\/\/leguidedesmontres.com\/fr\/wp-json\/wp\/v2\/posts\/9407\/revisions"}],"wp:featuredmedia":[{"embeddable":true,"href":"https:\/\/leguidedesmontres.com\/fr\/wp-json\/wp\/v2\/media\/9408"}],"wp:attachment":[{"href":"https:\/\/leguidedesmontres.com\/fr\/wp-json\/wp\/v2\/media?parent=9407"}],"wp:term":[{"taxonomy":"category","embeddable":true,"href":"https:\/\/leguidedesmontres.com\/fr\/wp-json\/wp\/v2\/categories?post=9407"},{"taxonomy":"post_tag","embeddable":true,"href":"https:\/\/leguidedesmontres.com\/fr\/wp-json\/wp\/v2\/tags?post=9407"}],"curies":[{"name":"wp","href":"https:\/\/api.w.org\/{rel}","templated":true}]}}