{"id":9429,"date":"2012-10-31T16:00:51","date_gmt":"2012-10-31T14:00:51","guid":{"rendered":"https:\/\/leguidedesmontres.com\/fr\/actualites\/girard-perregaux-le-corbusier-une-piece-en-beton\/"},"modified":"2012-10-31T16:00:51","modified_gmt":"2012-10-31T14:00:51","slug":"girard-perregaux-le-corbusier-une-piece-en-beton","status":"publish","type":"post","link":"https:\/\/leguidedesmontres.com\/fr\/actualites\/girard-perregaux-le-corbusier-une-piece-en-beton\/","title":{"rendered":"Girard-Perregaux Le Corbusier : une pi\u00e8ce en b\u00e9ton !"},"content":{"rendered":"<p><img decoding=\"async\" data-src=\"\/fr\/wp-content\/uploads\/2025\/06\/85_girard_perregaux_le_corbusier_or.jpg\" alt=\"Girard-Perregaux Le Corbusier : une pi\u00e8ce en b\u00e9ton !\" class=\"wp-image featured-image lazyload\" src=\"data:image\/svg+xml;base64,PHN2ZyB3aWR0aD0iMSIgaGVpZ2h0PSIxIiB4bWxucz0iaHR0cDovL3d3dy53My5vcmcvMjAwMC9zdmciPjwvc3ZnPg==\" style=\"--smush-placeholder-width: 620px; --smush-placeholder-aspect-ratio: 620\/962;\" \/><\/p>\n<p><strong><span><a target=\"_blank\" href=\"https:\/\/leguidedesmontres.com\/fr\/prix-du-neuf\/girard-perregaux\">Girard-Perregaux<\/a><\/span><\/strong><span> vient de pr\u00e9senter une trilogie de montres en hommage \u00e0 l\u2019architecte <a target=\"_blank\" href=\"http:\/\/fr.wikipedia.org\/wiki\/Le_Corbusier\" rel=\"noopener noreferrer nofollow\">Le Corbusier<\/a>. Ce rapprochement est d\u00fb \u00e0 la <strong>patrie commune de l\u2019horloger et de l\u2019architecte<\/strong>, <strong>La Chaux-de-Fonds<\/strong>. Le Corbusier y a vu le jour en 1887, alors que <strong>la manufacture y \u00e9tait \u00e9tablie sous son nom actuel depuis plus de 30 ans<\/strong>. Aussi, m\u00eame si ces architectes de l\u2019infiniment petit et de l\u2019infiniment grand sont contemporains, <strong>la voie d\u2019un rapprochement artistique n\u2019avait pas encore \u00e9t\u00e9 explor\u00e9e<\/strong>. <\/span><span>C\u2019est aujourd\u2019hui chose faite. <\/span><\/p>\n<\/p>\n<p><span>En collaboration avec <a target=\"_blank\" href=\"http:\/\/www.fondationlecorbusier.fr\/corbuweb\/morpheus.aspx?sysName=home&#038;sysLanguage=fr-fr&#038;sysInfos=1\" rel=\"noopener noreferrer nofollow\">la Fondation Le Corbusier<\/a>, la manufacture a produit trois garde-temps utilisant des <strong>mat\u00e9riaux habituellement r\u00e9serv\u00e9s \u00e0 l\u2019architecture<\/strong>, comme <strong>le verre<\/strong>, <strong>l\u2019acier<\/strong> et m\u00eame <strong>le b\u00e9ton<\/strong>. <\/span><\/p>\n<p><strong><span>Objectif :<\/span><\/strong><span> r\u00e9interpr\u00e9ter les \u0153uvres du grand moderniste sur une s\u00e9rie<\/span><span> <\/span><span>de trois montres exceptionnelles, <strong>la Trilogie Le Corbusier<\/strong>. <\/span><\/p>\n<\/p>\n<p><img decoding=\"async\" data-src=\"\/fr\/wp-content\/uploads\/2025\/06\/85_294_girard_perregaux_le_corbusier_or_gris.jpg\" alt=\"\" class=\"wp-image lazyload\" src=\"data:image\/svg+xml;base64,PHN2ZyB3aWR0aD0iMSIgaGVpZ2h0PSIxIiB4bWxucz0iaHR0cDovL3d3dy53My5vcmcvMjAwMC9zdmciPjwvc3ZnPg==\" style=\"--smush-placeholder-width: 620px; --smush-placeholder-aspect-ratio: 620\/962;\" \/><\/p>\n<p><span>Si le verre (saphir) et l\u2019acier sont devenus des \u00e9l\u00e9ments courant de l\u2019horlogerie, c\u2019est bien \u00e9videmment la pi\u00e8ce en <strong>b\u00e9ton qui retient ici l\u2019attention<\/strong>. <\/span><span>Girard-Perregaux a ainsi d\u00e9velopp\u00e9 un <strong>cadran en b\u00e9ton n\u00e9cessitant trois jours de travail<\/strong> pour \u00eatre coul\u00e9, s\u00e9ch\u00e9 et <\/span><span>t<\/span><span>ermin\u00e9 \u00e0 la main.<\/span><\/p>\n<p><span>Cette pi\u00e8ce, comme les deux autres, restera en <strong>s\u00e9rie limit\u00e9e de 5 exemplaires<\/strong>. On en salue la <strong>beaut\u00e9 froide, hypnotique<\/strong>, et le dessin parfaitement ex\u00e9cut\u00e9 qui \u2018\u00e9tire\u2019 v\u00e9ritablement la pi\u00e8ce, la fait respirer et \u00e9vite ainsi le pi\u00e8ge d\u2019un dessin trop renferm\u00e9 et qui accentuerai le c\u00f4t\u00e9 naturellement lourd, voire \u00e9touffant, du b\u00e9ton. <\/span><\/p>\n<p><span>L\u2019entretien ne devrait poser aucun probl\u00e8me puisque que c\u2019est un <a target=\"_blank\" href=\"http:\/\/www.girard-perregaux.com\/manufacture\/mouvements\/mouvement-details-fr.aspx?type=3&#038;id=9\" rel=\"noopener noreferrer nofollow\">GP 3300<\/a> qui anime la pi\u00e8ce \u2013 un mouvement largement \u00e9prouv\u00e9, mais \u00e0 propos duquel on pourra simplement regretter que Girard Perregaux n\u2019ait pas pr\u00e9f\u00e9r\u00e9 <strong>un mouvement de forme*<\/strong>.<\/span><\/p>\n<\/p>\n<p><span>Olivier M\u00fcller<\/span><\/p>\n<\/p>\n<p><i><span>* Mouvement de forme : en horlogerie, mouvement con\u00e7u pour \u00e9pouser le dessin de la bo\u00eete qui le recevra, et non l\u2019inverse. <\/span><\/i><\/p>\n<\/p>\n<p>Tarif :<\/p>\n<p><span>25880-11-101-BB6A : 27&rsquo;100 \u20ac<br \/>\n25880-11-102-HkBA : 18&rsquo;000 \u20ac<br \/>\n25880-52-103-BB6A : 45&rsquo;100 \u20ac<\/span><\/p>\n<p><i><span>Visuels \u00a9 Girard-Perregaux<\/span><\/i><\/p>\n<\/p>\n<p><img decoding=\"async\" data-src=\"\/fr\/wp-content\/uploads\/2025\/06\/85_296_girard_perregaux_le_corbusier.jpg\" alt=\"\" class=\"wp-image lazyload\" src=\"data:image\/svg+xml;base64,PHN2ZyB3aWR0aD0iMSIgaGVpZ2h0PSIxIiB4bWxucz0iaHR0cDovL3d3dy53My5vcmcvMjAwMC9zdmciPjwvc3ZnPg==\" style=\"--smush-placeholder-width: 620px; --smush-placeholder-aspect-ratio: 620\/877;\" \/><\/p>\n","protected":false},"excerpt":{"rendered":"<p>Girard-Perregaux vient de pr\u00e9senter une trilogie de montres en hommage \u00e0 l\u2019architecte Le Corbusier. Ce rapprochement est d\u00fb \u00e0 la<\/p>\n","protected":false},"author":1,"featured_media":9430,"comment_status":"open","ping_status":"open","sticky":false,"template":"","format":"standard","meta":{"_acf_changed":false,"footnotes":""},"categories":[744],"tags":[702],"class_list":["post-9429","post","type-post","status-publish","format-standard","has-post-thumbnail","hentry","category-girard-perregaux","tag-coup-de-coeur"],"acf":[],"_links":{"self":[{"href":"https:\/\/leguidedesmontres.com\/fr\/wp-json\/wp\/v2\/posts\/9429","targetHints":{"allow":["GET"]}}],"collection":[{"href":"https:\/\/leguidedesmontres.com\/fr\/wp-json\/wp\/v2\/posts"}],"about":[{"href":"https:\/\/leguidedesmontres.com\/fr\/wp-json\/wp\/v2\/types\/post"}],"author":[{"embeddable":true,"href":"https:\/\/leguidedesmontres.com\/fr\/wp-json\/wp\/v2\/users\/1"}],"replies":[{"embeddable":true,"href":"https:\/\/leguidedesmontres.com\/fr\/wp-json\/wp\/v2\/comments?post=9429"}],"version-history":[{"count":0,"href":"https:\/\/leguidedesmontres.com\/fr\/wp-json\/wp\/v2\/posts\/9429\/revisions"}],"wp:featuredmedia":[{"embeddable":true,"href":"https:\/\/leguidedesmontres.com\/fr\/wp-json\/wp\/v2\/media\/9430"}],"wp:attachment":[{"href":"https:\/\/leguidedesmontres.com\/fr\/wp-json\/wp\/v2\/media?parent=9429"}],"wp:term":[{"taxonomy":"category","embeddable":true,"href":"https:\/\/leguidedesmontres.com\/fr\/wp-json\/wp\/v2\/categories?post=9429"},{"taxonomy":"post_tag","embeddable":true,"href":"https:\/\/leguidedesmontres.com\/fr\/wp-json\/wp\/v2\/tags?post=9429"}],"curies":[{"name":"wp","href":"https:\/\/api.w.org\/{rel}","templated":true}]}}