{"id":9435,"date":"2012-10-26T17:18:04","date_gmt":"2012-10-26T15:18:04","guid":{"rendered":"https:\/\/leguidedesmontres.com\/fr\/actualites\/salon-les-montres-les-8-9-et-10-novembre-2012\/"},"modified":"2012-10-26T17:18:04","modified_gmt":"2012-10-26T15:18:04","slug":"salon-les-montres-les-8-9-et-10-novembre-2012","status":"publish","type":"post","link":"https:\/\/leguidedesmontres.com\/fr\/actualites\/salon-les-montres-les-8-9-et-10-novembre-2012\/","title":{"rendered":"Salon Les Montres les 8, 9 et 10 novembre 2012"},"content":{"rendered":"<p><img decoding=\"async\" data-src=\"\/fr\/wp-content\/uploads\/2025\/06\/82_affiche_salon_les_montres_novembre_2012.jpg\" alt=\"Salon Les Montres les 8, 9 et 10 novembre 2012\" class=\"wp-image featured-image lazyload\" src=\"data:image\/svg+xml;base64,PHN2ZyB3aWR0aD0iMSIgaGVpZ2h0PSIxIiB4bWxucz0iaHR0cDovL3d3dy53My5vcmcvMjAwMC9zdmciPjwvc3ZnPg==\" style=\"--smush-placeholder-width: 620px; --smush-placeholder-aspect-ratio: 620\/853;\" \/><\/p>\n<p><span>Voyage d\u2019exception au c\u0153ur de la cr\u00e9ation et du savoir-faire horloger, le salon \u00ab<strong> Les Montres <\/strong>\u00bb donne rendez-vous aux amoureux de m\u00e9caniques horlog\u00e8res, du <b>8 au 10 novembre<\/b>, place Saint-Germain-des-Pr\u00e9s \u00e0 Paris. <\/span><\/p>\n<p><span>Orchestr\u00e9e par <strong>Arnaud<\/strong> et <\/span><strong><span>J<\/span>ean Lassaussois<\/strong>, propri\u00e9taires des boutiques<span>  <\/span>Les Montres, cette <b>9<sup>\u00e8me<\/sup><\/b> <b>\u00e9dition<\/b> r\u00e9unit <strong>16 marques <\/strong>parmi les plus prestigieuses de l\u2019Horlogerie mondiale haut de gamme. <strong>Gratuit et ouvert \u00e0 tous<\/strong>, cet \u00e9v\u00e9nement horloger est une occasion r\u00eav\u00e9e de s\u2019initier \u00e0 l\u2019Horlogerie ou de parfaire ses connaissances.<\/p>\n<p><span>Mais pas seulement ! Devenu incontournable au fil des ans, il permet de d\u00e9couvrir les derni\u00e8res nouveaut\u00e9s et d\u2019acqu\u00e9rir sur place les montres pr\u00e9sent\u00e9es : un luxe rare . . . <\/span><\/p>\n<p><b><span>Place aux nouveaut\u00e9s horlog\u00e8res . . . <\/span><\/b><span>. <\/span><span>Fid\u00e8les \u00e0 cette rencontre de passionn\u00e9s, <a target=\"_blank\" href=\"https:\/\/leguidedesmontres.com\/fr\/prix-du-neuf\/a-lange-amp-sohne\">A.Lange and S\u00f6hne<\/a>, <a target=\"_blank\" href=\"https:\/\/leguidedesmontres.com\/fr\/prix-du-neuf\/baume-et-mercier\">Baume et Mercier<\/a>, <a target=\"_blank\" href=\"https:\/\/leguidedesmontres.com\/fr\/prix-du-neuf\/bell-ross\">Bell &#038; Ross<\/a>, <a target=\"_blank\" href=\"https:\/\/leguidedesmontres.com\/fr\/prix-du-neuf\/blancpain\">Blancpain<\/a>, <a target=\"_blank\" href=\"https:\/\/leguidedesmontres.com\/fr\/prix-du-neuf\/brm\">BRM<\/a>, Chanel, <a target=\"_blank\" href=\"https:\/\/leguidedesmontres.com\/fr\/prix-du-neuf\/hermes\">Herm\u00e8s<\/a>, <a target=\"_blank\" href=\"https:\/\/leguidedesmontres.com\/fr\/prix-du-neuf\/hublot\">Hublot<\/a>, <a target=\"_blank\" href=\"https:\/\/leguidedesmontres.com\/fr\/prix-du-neuf\/jaeger-lecoultre\">Jaeger LeCoultre<\/a>, <a target=\"_blank\" href=\"https:\/\/leguidedesmontres.com\/fr\/prix-du-neuf\/panerai\">Panerai<\/a>, <a target=\"_blank\" href=\"https:\/\/leguidedesmontres.com\/fr\/prix-du-neuf\/pequignet\">Pequignet<\/a>, <a target=\"_blank\" href=\"https:\/\/leguidedesmontres.com\/fr\/prix-du-neuf\/tag-heuer\">Tag Heuer<\/a> et <a target=\"_blank\" href=\"https:\/\/leguidedesmontres.com\/fr\/prix-du-neuf\/vacheron-constantin\">Vacheron Constantin<\/a> sont rejoints, cette ann\u00e9e, par le fabricant de bracelets montre Bouveret, le cr\u00e9ateur d\u2019horloges contemporaines Philippe Lebru et par <a target=\"_blank\" href=\"https:\/\/leguidedesmontres.com\/fr\/prix-du-neuf\/zenith\">Zenith<\/a>. <\/span><\/p>\n<p><span>Chaque marque mettra en lumi\u00e8re ses derni\u00e8res cr\u00e9ations, dans un d\u00e9cor feutr\u00e9 et confortable privil\u00e9giant la convivialit\u00e9 des \u00e9changes. Les visiteurs pourront ainsi satisfaire leur curiosit\u00e9, rencontrer les repr\u00e9sentants des marques, rep\u00e9rer les nouveaux mod\u00e8les, essayer leurs pi\u00e8ces pr\u00e9f\u00e9r\u00e9es et m\u00eame c\u00e9der \u00e0 leur coup de c\u0153ur, puisque les montres expos\u00e9es sont aussi offertes \u00e0 la vente.<\/span><\/p>\n<\/p>\n<p><b><i><span>Horaires d\u2019ouverture<\/span><\/i><\/b><span> : <\/span><\/p>\n<p><span><span> <\/span><\/span><span>Jeudi 8 novembre : <span> <\/span><span> <\/span>11H00 \u2013 20H00<\/span><\/p>\n<p><span>Vendredi 9 novembre :<span> <\/span>11H00 \u2013 19H00<\/span><\/p>\n<p><span>Samedi 10 novembre : <span> <\/span>10H30 \u2013 18H30<\/span><\/p>\n<\/p>\n<p><b><i><span>Entr\u00e9e :<span> <\/span><\/span><\/i><\/b><b><i><span><span> <\/span><span> <\/span><\/span><\/i><\/b><span>gratuite<\/span><\/p>\n<\/p>\n<p><b><i><span>Lieu d\u2019exposition<\/span><\/i><\/b><span> :<\/span><span> <\/span><\/p>\n<p><span><span> <\/span><span> <\/span><\/span><span>4 place Saint-Germain des Pr\u00e9s 75006 Paris <\/span><\/p>\n<p><span>(<\/span><i><span>M<span>\u00e9tro<\/span><\/span><\/i><span> : Saint-Germain des Pr\u00e9s \/ <\/span><i><span>Parking<\/span><\/i><span> <\/span><span>: Saint-Germain des Pr\u00e9s \/ <\/span><i><span>V\u00e9lib<\/span><\/i><span> : Saint-Germain Copeau)<\/span><\/p>\n<\/p>\n<p><b><span>Pour tout renseignement<\/span><\/b><span> : \u00ab LES MONTRES \u00bb :  <\/span><span>T\u00e9l : 01 46 34 71 38<span>  <\/span>ou <a target=\"_blank\" href=\"http:\/\/www.boutiquelesmontres.com\" rel=\"noopener noreferrer nofollow\">www.boutiquelesmontres.com<\/a><\/span><\/p>\n<p><img decoding=\"async\" data-src=\"\/fr\/wp-content\/uploads\/2025\/06\/82_282_salon_les_montres_2012.jpg\" alt=\"\" class=\"wp-image lazyload\" src=\"data:image\/svg+xml;base64,PHN2ZyB3aWR0aD0iMSIgaGVpZ2h0PSIxIiB4bWxucz0iaHR0cDovL3d3dy53My5vcmcvMjAwMC9zdmciPjwvc3ZnPg==\" style=\"--smush-placeholder-width: 620px; --smush-placeholder-aspect-ratio: 620\/412;\" \/><br \/>\n<img decoding=\"async\" data-src=\"\/fr\/wp-content\/uploads\/2025\/06\/82_283_jaeger_lecoultre_stand_les_montres.jpg\" alt=\"\" class=\"wp-image lazyload\" src=\"data:image\/svg+xml;base64,PHN2ZyB3aWR0aD0iMSIgaGVpZ2h0PSIxIiB4bWxucz0iaHR0cDovL3d3dy53My5vcmcvMjAwMC9zdmciPjwvc3ZnPg==\" style=\"--smush-placeholder-width: 620px; --smush-placeholder-aspect-ratio: 620\/409;\" \/><\/p>\n","protected":false},"excerpt":{"rendered":"<p>Voyage d\u2019exception au c\u0153ur de la cr\u00e9ation et du savoir-faire horloger, le salon \u00ab Les Montres \u00bb donne rendez-vous aux<\/p>\n","protected":false},"author":1,"featured_media":9436,"comment_status":"open","ping_status":"open","sticky":false,"template":"","format":"standard","meta":{"_acf_changed":false,"footnotes":""},"categories":[718,740,715,721,730,745,741,735,707,719,737,732,717,729],"tags":[704],"class_list":["post-9435","post","type-post","status-publish","format-standard","has-post-thumbnail","hentry","category-a-lange-sohne","category-b-r-m","category-baume-et-mercier","category-bell-ross","category-blancpain","category-chanel","category-hermes","category-hublot","category-jaeger-lecoultre","category-panerai","category-pequignet","category-tag-heuer","category-vacheron-constantin","category-zenith","tag-a-voir"],"acf":[],"_links":{"self":[{"href":"https:\/\/leguidedesmontres.com\/fr\/wp-json\/wp\/v2\/posts\/9435","targetHints":{"allow":["GET"]}}],"collection":[{"href":"https:\/\/leguidedesmontres.com\/fr\/wp-json\/wp\/v2\/posts"}],"about":[{"href":"https:\/\/leguidedesmontres.com\/fr\/wp-json\/wp\/v2\/types\/post"}],"author":[{"embeddable":true,"href":"https:\/\/leguidedesmontres.com\/fr\/wp-json\/wp\/v2\/users\/1"}],"replies":[{"embeddable":true,"href":"https:\/\/leguidedesmontres.com\/fr\/wp-json\/wp\/v2\/comments?post=9435"}],"version-history":[{"count":0,"href":"https:\/\/leguidedesmontres.com\/fr\/wp-json\/wp\/v2\/posts\/9435\/revisions"}],"wp:featuredmedia":[{"embeddable":true,"href":"https:\/\/leguidedesmontres.com\/fr\/wp-json\/wp\/v2\/media\/9436"}],"wp:attachment":[{"href":"https:\/\/leguidedesmontres.com\/fr\/wp-json\/wp\/v2\/media?parent=9435"}],"wp:term":[{"taxonomy":"category","embeddable":true,"href":"https:\/\/leguidedesmontres.com\/fr\/wp-json\/wp\/v2\/categories?post=9435"},{"taxonomy":"post_tag","embeddable":true,"href":"https:\/\/leguidedesmontres.com\/fr\/wp-json\/wp\/v2\/tags?post=9435"}],"curies":[{"name":"wp","href":"https:\/\/api.w.org\/{rel}","templated":true}]}}