{"id":9449,"date":"2012-10-16T12:40:56","date_gmt":"2012-10-16T10:40:56","guid":{"rendered":"https:\/\/leguidedesmontres.com\/fr\/actualites\/zenith-stratos-premiere-montre-a-franchir-le-mur-du-son\/"},"modified":"2012-10-16T12:40:56","modified_gmt":"2012-10-16T10:40:56","slug":"zenith-stratos-premiere-montre-a-franchir-le-mur-du-son","status":"publish","type":"post","link":"https:\/\/leguidedesmontres.com\/fr\/actualites\/zenith-stratos-premiere-montre-a-franchir-le-mur-du-son\/","title":{"rendered":"Zenith Stratos, premi\u00e8re montre \u00e0 franchir le mur du son"},"content":{"rendered":"<p><img decoding=\"async\" data-src=\"\/fr\/wp-content\/uploads\/2025\/06\/75_28939766.jpg\" alt=\"Zenith Stratos, premi\u00e8re montre \u00e0 franchir le mur du son\" class=\"wp-image featured-image lazyload\" src=\"data:image\/svg+xml;base64,PHN2ZyB3aWR0aD0iMSIgaGVpZ2h0PSIxIiB4bWxucz0iaHR0cDovL3d3dy53My5vcmcvMjAwMC9zdmciPjwvc3ZnPg==\" style=\"--smush-placeholder-width: 620px; --smush-placeholder-aspect-ratio: 620\/348;\" \/><\/p>\n<p><span>L\u2019Autrichien <a target=\"_blank\" href=\"http:\/\/fr.wikipedia.org\/wiki\/Felix_Baumgartner\" rel=\"noopener noreferrer nofollow\"><strong>Felix Baumgartner<\/strong><\/a>, ambassadeur de <a target=\"_blank\" href=\"https:\/\/leguidedesmontres.com\/fr\/prix-du-neuf\/zenith\"><strong>Zenith<\/strong><\/a>, a m\u00e9rit\u00e9 sa place dans le livre des records ce dimanche, apr\u00e8s avoir rencontr\u00e9 des probl\u00e8mes d\u2019alimentation \u00e9lectrique de sa visi\u00e8re chauffante, qui ont entrav\u00e9 sa vision et failli compromettre la mission. <\/span><\/p>\n<p><span>Avec au poignet le <strong>chronographe El Primero Stratos Flyback Striking 10th<\/strong>, Baumgartner a atteint la vitesse estim\u00e9e de <strong>1 342 km\/h<\/strong> en s\u2019\u00e9lan\u00e7ant depuis la <strong>stratosph\u00e8re<\/strong>. Une fois cette vitesse certifi\u00e9e, il deviendra officiellement le <strong>premier homme \u00e0 avoir d\u00e9pass\u00e9 la vitesse du son<\/strong> en chute libre, au cours d\u2019une chute de 4\u201920 mn. En tout, le saut de Baumgartner a dur\u00e9 <strong>9 minutes et 3 secondes<\/strong>.<\/span><\/p>\n<\/p>\n<p><span><\/span><\/p>\n<\/p>\n<p><span>Apr\u00e8s un vol qui l\u2019a amen\u00e9 \u00e0 <strong>39 045 m\u00e8tres d\u2019altitude<\/strong> gr\u00e2ce \u00e0 un ballon gonfl\u00e9 \u00e0 l\u2019h\u00e9lium, Felix Baumgartner a r\u00e9alis\u00e9 dimanche matin un saut record historique depuis la fronti\u00e8re de l\u2019espace, exactement <strong>65 ans apr\u00e8s l\u2019exploit de <a target=\"_blank\" href=\"http:\/\/fr.wikipedia.org\/wiki\/Chuck_Yeager\" rel=\"noopener noreferrer nofollow\">Chuck Yeager<\/a><\/strong>, devenu alors le premier homme \u00e0 franchir le mur du son \u00e0 bord d\u2019un avion autopropuls\u00e9 exp\u00e9rimental.<\/span><\/p>\n<\/p>\n<p><img decoding=\"async\" data-src=\"\/fr\/wp-content\/uploads\/2025\/06\/75_248_28255488.jpg\" alt=\"\" class=\"wp-image lazyload\" src=\"data:image\/svg+xml;base64,PHN2ZyB3aWR0aD0iMSIgaGVpZ2h0PSIxIiB4bWxucz0iaHR0cDovL3d3dy53My5vcmcvMjAwMC9zdmciPjwvc3ZnPg==\" style=\"--smush-placeholder-width: 620px; --smush-placeholder-aspect-ratio: 620\/421;\" \/><\/p>\n<p><span>A 43 ans, il a \u00e9galement battu deux autres records du monde (<strong>saut en chute libre le plus \u00e9lev\u00e9 et vol en ballon habit\u00e9 le plus \u00e9lev\u00e9<\/strong>), laissant celui de la chute libre la plus longue \u00e0 son mentor, le <strong>colonel Joe Kittinger<\/strong>.<\/span><\/p>\n<\/p>\n<p><span><\/span><\/p>\n<\/p>\n<p><span>\u00ab <strong><i>La journ\u00e9e a \u00e9t\u00e9 particuli\u00e8rement riche en \u00e9motions, tout comme l\u2019a \u00e9t\u00e9 le projet dans son ensemble<\/i><\/strong><i> <\/i>\u00bb, souligne Felix Baumgartner, soulag\u00e9. <\/span><\/p>\n<p><span>\u00ab <i>Tout a parfaitement commenc\u00e9 avec un magnifique lancement puis il y a eu un probl\u00e8me avec l\u2019alimentation \u00e9lectrique de ma visi\u00e8re. J\u2019ai ensuite r\u00e9alis\u00e9 une sortie parfaite avant de partir doucement en rotation. Je pensais que j\u2019allais juste faire quelques tours mais j\u2019ai soudainement commenc\u00e9 \u00e0 acc\u00e9l\u00e9rer. C\u2019\u00e9tait vraiment violent par moments. J\u2019ai pens\u00e9 pendant quelques secondes que j\u2019allais perdre conscience. Je n\u2019ai pas ressenti de choc sonique car j\u2019\u00e9tais trop occup\u00e9 \u00e0 essayer de me stabiliser. Nous devons maintenant attendre d\u2019avoir la confirmation que nous avons effectivement franchi le mur du son. <strong>C\u2019\u00e9tait vraiment bien plus difficile que ce \u00e0 quoi je m\u2019attendais<\/strong>. <\/i>\u00bb<\/span><\/p>\n<\/p>\n<p><img decoding=\"async\" data-src=\"\/fr\/wp-content\/uploads\/2025\/06\/75_250_28879247.jpg\" alt=\"\" class=\"wp-image lazyload\" src=\"data:image\/svg+xml;base64,PHN2ZyB3aWR0aD0iMSIgaGVpZ2h0PSIxIiB4bWxucz0iaHR0cDovL3d3dy53My5vcmcvMjAwMC9zdmciPjwvc3ZnPg==\" style=\"--smush-placeholder-width: 620px; --smush-placeholder-aspect-ratio: 620\/413;\" \/><\/p>\n<p><span>Baumgartner et son \u00e9quipe se sont <strong>entra\u00een\u00e9s et pr\u00e9par\u00e9s pendant cinq ans pour <span> <\/span>cette <span> <\/span>mission<\/strong> <span> <\/span>destin\u00e9e <span> <\/span>\u00e0 faire progresser la compr\u00e9hension scientifique des r\u00e9actions du corps humain dans les conditions extr\u00eames rencontr\u00e9es \u00e0 la fronti\u00e8re de l\u2019espace.<\/span><\/p>\n<\/p>\n<p><span><\/span><\/p>\n<\/p>\n<p><span>Au plan horloger, <strong>la Zenith Stratos devient de facto la montre la plus rapide du monde ! <\/strong>Outre cet exploit, la marque \u00e0 l\u2019\u00e9toile a d\u00fb d\u00e9velopper pour Baumgartner <strong>une montre capable de se passer de lubrifiant (huile), dont les r\u00e9actions (notamment la vitesse mais aussi le froid) auraient pu \u00eatre fatales au mouvement<\/strong>. Des d\u00e9veloppements qui vont probablement <strong>guider la R&#038;D de la Manufacture \u00e0 l\u2019avenir<\/strong>. <\/span><\/p>\n<\/p>\n<p><span><\/span><\/p>\n<\/p>\n<p><i><span>* Les donn\u00e9es des records \u00e9tablis lors du saut sont indiqu\u00e9es \u00e0 titre provisoire en attendant d\u2019\u00eatre confirm\u00e9es par les instances gouvernementales habilit\u00e9es.<\/span><\/i><\/p>\n<p><i><\/i><\/p>\n<p><i><\/i><\/p>\n<p><span><\/span><\/p>\n<\/p>\n<p><span>Olivier M\u00fcller<\/span><\/p>\n<\/p>\n<p><img decoding=\"async\" data-src=\"\/fr\/wp-content\/uploads\/2025\/06\/75_252_zenith_watches_el_primero_stratos_flyback_44.jpg\" alt=\"\" class=\"wp-image lazyload\" src=\"data:image\/svg+xml;base64,PHN2ZyB3aWR0aD0iMSIgaGVpZ2h0PSIxIiB4bWxucz0iaHR0cDovL3d3dy53My5vcmcvMjAwMC9zdmciPjwvc3ZnPg==\" style=\"--smush-placeholder-width: 620px; --smush-placeholder-aspect-ratio: 620\/885;\" \/><br \/>\n<img decoding=\"async\" data-src=\"\/fr\/wp-content\/uploads\/2025\/06\/75_253_007.jpg\" alt=\"\" class=\"wp-image lazyload\" src=\"data:image\/svg+xml;base64,PHN2ZyB3aWR0aD0iMSIgaGVpZ2h0PSIxIiB4bWxucz0iaHR0cDovL3d3dy53My5vcmcvMjAwMC9zdmciPjwvc3ZnPg==\" style=\"--smush-placeholder-width: 620px; --smush-placeholder-aspect-ratio: 620\/348;\" \/><\/p>\n","protected":false},"excerpt":{"rendered":"<p>L\u2019Autrichien Felix Baumgartner, ambassadeur de Zenith, a m\u00e9rit\u00e9 sa place dans le livre des records ce dimanche, apr\u00e8s avoir rencontr\u00e9<\/p>\n","protected":false},"author":1,"featured_media":9450,"comment_status":"open","ping_status":"open","sticky":false,"template":"","format":"standard","meta":{"_acf_changed":false,"footnotes":""},"categories":[729],"tags":[704],"class_list":["post-9449","post","type-post","status-publish","format-standard","has-post-thumbnail","hentry","category-zenith","tag-a-voir"],"acf":[],"_links":{"self":[{"href":"https:\/\/leguidedesmontres.com\/fr\/wp-json\/wp\/v2\/posts\/9449","targetHints":{"allow":["GET"]}}],"collection":[{"href":"https:\/\/leguidedesmontres.com\/fr\/wp-json\/wp\/v2\/posts"}],"about":[{"href":"https:\/\/leguidedesmontres.com\/fr\/wp-json\/wp\/v2\/types\/post"}],"author":[{"embeddable":true,"href":"https:\/\/leguidedesmontres.com\/fr\/wp-json\/wp\/v2\/users\/1"}],"replies":[{"embeddable":true,"href":"https:\/\/leguidedesmontres.com\/fr\/wp-json\/wp\/v2\/comments?post=9449"}],"version-history":[{"count":0,"href":"https:\/\/leguidedesmontres.com\/fr\/wp-json\/wp\/v2\/posts\/9449\/revisions"}],"wp:featuredmedia":[{"embeddable":true,"href":"https:\/\/leguidedesmontres.com\/fr\/wp-json\/wp\/v2\/media\/9450"}],"wp:attachment":[{"href":"https:\/\/leguidedesmontres.com\/fr\/wp-json\/wp\/v2\/media?parent=9449"}],"wp:term":[{"taxonomy":"category","embeddable":true,"href":"https:\/\/leguidedesmontres.com\/fr\/wp-json\/wp\/v2\/categories?post=9449"},{"taxonomy":"post_tag","embeddable":true,"href":"https:\/\/leguidedesmontres.com\/fr\/wp-json\/wp\/v2\/tags?post=9449"}],"curies":[{"name":"wp","href":"https:\/\/api.w.org\/{rel}","templated":true}]}}