{"id":9451,"date":"2012-10-15T20:04:54","date_gmt":"2012-10-15T18:04:54","guid":{"rendered":"https:\/\/leguidedesmontres.com\/fr\/actualites\/design-elysees-2012-3e-edition\/"},"modified":"2012-10-15T20:04:54","modified_gmt":"2012-10-15T18:04:54","slug":"design-elysees-2012-3e-edition","status":"publish","type":"post","link":"https:\/\/leguidedesmontres.com\/fr\/actualites\/design-elysees-2012-3e-edition\/","title":{"rendered":"Design \u00c9lys\u00e9es 2012 &gt; 3e \u00e9dition"},"content":{"rendered":"<p><img decoding=\"async\" data-src=\"\/fr\/wp-content\/uploads\/2025\/06\/74_galerie_avril__chaise_antony_de_jean_prouve.jpg\" alt=\"Design \u00c9lys\u00e9es 2012  src=\"data:image\/svg+xml;base64,PHN2ZyB3aWR0aD0iMSIgaGVpZ2h0PSIxIiB4bWxucz0iaHR0cDovL3d3dy53My5vcmcvMjAwMC9zdmciPjwvc3ZnPg==\" class=\"lazyload\" style=\"--smush-placeholder-width: 620px; --smush-placeholder-aspect-ratio: 620\/826;\"> 3e \u00e9dition\u00a0\u00bb class=\u00a0\u00bbwp-image featured-image\u00a0\u00bb \/><\/p>\n<p>Du <strong>18 au 22 octobre<\/strong> 2012, <strong>Design Elys\u00e9es<\/strong> pr\u00e9sente sa <strong>3<span>e <\/span>\u00e9dition<\/strong>.<\/p>\n<\/p>\n<p>Depuis son lancement en 2010, DESIGN \u00c9LYS\u00c9ES, salon de mobilier et d\u2019objets design du XXe si\u00e8cle, conna\u00eet un vif succ\u00e8s et reprend sa place le long du Grand Palais et int\u00e8gre depuis 2011 le flot des manifestations parisiennes les plus attendues (<strong>FIAC<\/strong>, <strong>ART ELYSEES<\/strong>, <strong>SLICK<\/strong>, <strong>CUTLOG<\/strong>&#8230;).<\/p>\n<\/p>\n<p>Design \u00c9lys\u00e9es offre une s\u00e9lection pointue des acteurs majeurs du design du XXe si\u00e8cle. Il est le rendez-vous des puristes, collectionneurs pointus ou visiteurs nostalgiques \u00e0 la recherche d&rsquo;objets et mobiliers historiques, t\u00e9moins des ann\u00e9es les plus innovantes, ayant r\u00e9volutionn\u00e9 nos int\u00e9rieurs.<\/p>\n<\/p>\n<p>Avec la collaboration des membres d&rsquo;un comit\u00e9 de s\u00e9lection, <strong>Design \u00c9lys\u00e9es<\/strong> rassemble durant <strong>6 jours des galeries qui exposent des pi\u00e8ces exceptionnelles du design des ann\u00e9es 40 \u00e0 70<\/strong>.<\/p>\n<\/p>\n<p>Parmi ces galeries : Artefact Design (Paris), <a target=\"_blank\" href=\"http:\/\/www.galerieavril.com\/galerieavril.html\" rel=\"noopener noreferrer nofollow\"><strong>Galerie Avril (paris)<\/strong><\/a>, Velvet Galerie (Paris), Imagine Galerie (Paris), Galerie Pascal Badi\u00e9 (Nice), Edouard Demachy (Paris), Galerie Martel-Greiner (paris).<\/p>\n<p>Exposition Velvet Galerie<\/p>\n<\/p>\n<p>Pour cette troisi\u00e8me \u00e9dition de Design Elys\u00e9es, Velvet Galerie pr\u00e9sente une installation autour de l\u2019architecture utopique et de l\u2019op art, mise en sc\u00e8ne de Marc Mineray, de la galerie 47. La \u00ab\u00a0sph\u00e8re d\u2019isolement\u00a0\u00bb, Edition les plastiques de Bourgogne.<\/p>\n<\/p>\n<p>Maurice-Claude Vidili, architecte de formation, con\u00e7oit la Sph\u00e8re d&rsquo;isolement en 1971, cherchant avant tout \u00e0 cr\u00e9er un espace de travail tr\u00e8s privatif, prot\u00e9g\u00e9 de toute intervention ext\u00e9rieure. La forme sph\u00e9rique semble la plus appropri\u00e9e, sa structure emp\u00eachant tout son d&rsquo;y p\u00e9n\u00e9trer ou d&rsquo;en sortir. Elle a par ailleurs l&rsquo;avantage de para\u00eetre plus petite qu&rsquo;elle n&rsquo;est de l&rsquo;ext\u00e9rieur et de donner un sentiment d&rsquo;espace plus grand qu&rsquo;en r\u00e9alit\u00e9 \u00e0 l&rsquo;int\u00e9rieur.<\/p>\n<\/p>\n<p><strong>LIEU<\/strong><span><br \/><\/span>Pavillon sur l\u2019avenue des Champs-Elys\u00e9es<\/p>\n<p>Paris 8e en face du Grand Palais.<span><br \/><\/span><\/p>\n<\/p>\n<p><strong>OUVERTURE AU PUBLIC<\/strong><span><br \/>\n <\/span>du Jeudi 18 au Lundi 22 octobre 2012 tous les jours de 11h \u00e0 20h, sauf Lundi, fermeture \u00e0 18h<span><\/p>\n<p><\/span><\/p>\n<p><strong>TH\u00c9MATIQUE<\/strong><\/p>\n<p>Mobilier design du XXe si\u00e8cle<span><\/p>\n<p><\/span><\/p>\n<\/p>\n<p>&#8211; Vernissage : Mercredi 17 octobre de 18h \u00e0 22h, sur invitation<\/p>\n<\/p>\n<p><span>+ d\u2019infos sur : <a target=\"_blank\" href=\"http:\/\/www.designelysees.fr\/intro.html\" rel=\"noopener noreferrer nofollow\"><strong>www.designelysees.fr<\/strong><\/a><\/span><\/p>\n<\/p>\n<p><img decoding=\"async\" data-src=\"\/fr\/wp-content\/uploads\/2025\/06\/74_245_galerie_avril__lampe_maxi_de_yonel_lebovici.jpg\" alt=\"\" class=\"wp-image lazyload\" src=\"data:image\/svg+xml;base64,PHN2ZyB3aWR0aD0iMSIgaGVpZ2h0PSIxIiB4bWxucz0iaHR0cDovL3d3dy53My5vcmcvMjAwMC9zdmciPjwvc3ZnPg==\" style=\"--smush-placeholder-width: 620px; --smush-placeholder-aspect-ratio: 620\/937;\" \/><br \/>\n<img decoding=\"async\" data-src=\"\/fr\/wp-content\/uploads\/2025\/06\/74_246_galerie_guilhem_faget__roger_tallon_2.jpg\" alt=\"\" class=\"wp-image lazyload\" src=\"data:image\/svg+xml;base64,PHN2ZyB3aWR0aD0iMSIgaGVpZ2h0PSIxIiB4bWxucz0iaHR0cDovL3d3dy53My5vcmcvMjAwMC9zdmciPjwvc3ZnPg==\" style=\"--smush-placeholder-width: 620px; --smush-placeholder-aspect-ratio: 620\/413;\" \/><\/p>\n","protected":false},"excerpt":{"rendered":"","protected":false},"author":1,"featured_media":9452,"comment_status":"open","ping_status":"open","sticky":false,"template":"","format":"standard","meta":{"_acf_changed":false,"footnotes":""},"categories":[705],"tags":[733],"class_list":["post-9451","post","type-post","status-publish","format-standard","has-post-thumbnail","hentry","category-autre","tag-autour-de-la-montre"],"acf":[],"_links":{"self":[{"href":"https:\/\/leguidedesmontres.com\/fr\/wp-json\/wp\/v2\/posts\/9451","targetHints":{"allow":["GET"]}}],"collection":[{"href":"https:\/\/leguidedesmontres.com\/fr\/wp-json\/wp\/v2\/posts"}],"about":[{"href":"https:\/\/leguidedesmontres.com\/fr\/wp-json\/wp\/v2\/types\/post"}],"author":[{"embeddable":true,"href":"https:\/\/leguidedesmontres.com\/fr\/wp-json\/wp\/v2\/users\/1"}],"replies":[{"embeddable":true,"href":"https:\/\/leguidedesmontres.com\/fr\/wp-json\/wp\/v2\/comments?post=9451"}],"version-history":[{"count":0,"href":"https:\/\/leguidedesmontres.com\/fr\/wp-json\/wp\/v2\/posts\/9451\/revisions"}],"wp:featuredmedia":[{"embeddable":true,"href":"https:\/\/leguidedesmontres.com\/fr\/wp-json\/wp\/v2\/media\/9452"}],"wp:attachment":[{"href":"https:\/\/leguidedesmontres.com\/fr\/wp-json\/wp\/v2\/media?parent=9451"}],"wp:term":[{"taxonomy":"category","embeddable":true,"href":"https:\/\/leguidedesmontres.com\/fr\/wp-json\/wp\/v2\/categories?post=9451"},{"taxonomy":"post_tag","embeddable":true,"href":"https:\/\/leguidedesmontres.com\/fr\/wp-json\/wp\/v2\/tags?post=9451"}],"curies":[{"name":"wp","href":"https:\/\/api.w.org\/{rel}","templated":true}]}}