{"id":9479,"date":"2012-09-19T11:47:56","date_gmt":"2012-09-19T09:47:56","guid":{"rendered":"https:\/\/leguidedesmontres.com\/fr\/actualites\/jaeger-lecoultre-devient-producteur-demiel\/"},"modified":"2012-09-19T11:47:56","modified_gmt":"2012-09-19T09:47:56","slug":"jaeger-lecoultre-devient-producteur-demiel","status":"publish","type":"post","link":"https:\/\/leguidedesmontres.com\/fr\/actualites\/jaeger-lecoultre-devient-producteur-demiel\/","title":{"rendered":"Jaeger-LeCoultre devient  producteur de\u2026miel"},"content":{"rendered":"<p><img decoding=\"async\" data-src=\"\/fr\/wp-content\/uploads\/2025\/06\/58_resizemiel.jpg\" alt=\"Jaeger-LeCoultre devient  producteur de\u2026miel\" class=\"wp-image featured-image lazyload\" src=\"data:image\/svg+xml;base64,PHN2ZyB3aWR0aD0iMSIgaGVpZ2h0PSIxIiB4bWxucz0iaHR0cDovL3d3dy53My5vcmcvMjAwMC9zdmciPjwvc3ZnPg==\" style=\"--smush-placeholder-width: 620px; --smush-placeholder-aspect-ratio: 620\/646;\" \/><\/p>\n<p><span>L\u2019info a le m\u00e9rite de l\u2019originalit\u00e9 : apr\u00e8s <strong>Jean-Claude Biver<\/strong> qui terminait syst\u00e9matiquement ses conf\u00e9rences de presse par une <strong>d\u00e9gustation de son propre fromage<\/strong>, <\/span><strong><span>Jaeger-LeCoultre offre aux visiteurs de sa Manufacture son propre\u2026pot de miel !<\/span><\/strong><\/p>\n<p><span>Quel lien avec l\u2019horlogerie ? <\/span><span>Aucun. <\/span><\/p>\n<p><span>L\u2019initiative est certes quelque peu teint\u00e9e de marketing, mais a le m\u00e9rite, si rare, si n\u00e9cessaire, d\u2019attirer l\u2019attention sur la probl\u00e9matique environnementale. <\/span><\/p>\n<p><span><a target=\"_blank\" href=\"https:\/\/leguidedesmontres.com\/fr\/prix-du-neuf\/blancpain\">Blancpain<\/a>, <a target=\"_blank\" href=\"https:\/\/leguidedesmontres.com\/fr\/prix-du-neuf\/jaeger-lecoultre\">Jaeger-LeCoultre<\/a>, <a target=\"_blank\" href=\"https:\/\/leguidedesmontres.com\/fr\/prix-du-neuf\/audemars-piguet\">Audemars-Piguet<\/a>, etc. : de nombreuses<span>  <\/span>manufactures sont nich\u00e9es entre Le Brassus et Le Sentier, sur un m\u00eame axe routier, au sein du massif du Jura. <\/span><\/p>\n<p><span>L\u2019\u00e9quilibre environnemental y est fragile ; l\u2019impact \u00e9cologique de ces sites qui sont, n\u2019en d\u00e9plaisent aux int\u00e9ress\u00e9s, des sites industriels, est tangible. La pr\u00e9servation de ce cadre rural est donc un imp\u00e9ratif. <\/span><\/p>\n<p><span>Jaeger-LeCoultre n\u2019en est d\u2019ailleurs pas \u00e0 son coup d\u2019essai. <\/span><span>D\u00e9j\u00e0, en 2008, la Manufacture avait mis \u00e0 disposition de ses salari\u00e9s des moyens de transports collectifs ainsi qu\u2019un cadre de travail satisfaisant un certain nombre de crit\u00e8res environnementaux. <\/span><\/p>\n<p><span>La plupart des sites \u00e0 proximit\u00e9 suivent la m\u00eame voie. Esp\u00e9rons donc qu\u2019\u00e0 terme un programme commun puisse \u00eatre mis en place. <\/span><span>Dans l\u2019imm\u00e9diat, avec seulement 10 ruches devant la Manufacture, les pots risquent d\u2019\u00eatre aussi rares que les garde-temps ! <\/span><\/p>\n<p><span>Le plaisir de tartiner son pain de miel Jaeger-LeCoultre n\u2019est pas donn\u00e9 \u00e0 qui veut\u2026<\/span><\/p>\n<\/p>\n<p><span>Olivier M\u00fcller<\/span><\/p>\n<p><i><span>Visuels \u00a9 Jaeger-LeCoultre \/ Nuno Correia<\/span><\/i><\/p>\n<\/p>\n<p><img decoding=\"async\" data-src=\"\/fr\/wp-content\/uploads\/2025\/06\/58_206_resizeruche.jpg\" alt=\"\" class=\"wp-image lazyload\" src=\"data:image\/svg+xml;base64,PHN2ZyB3aWR0aD0iMSIgaGVpZ2h0PSIxIiB4bWxucz0iaHR0cDovL3d3dy53My5vcmcvMjAwMC9zdmciPjwvc3ZnPg==\" style=\"--smush-placeholder-width: 620px; --smush-placeholder-aspect-ratio: 620\/441;\" \/><\/p>\n","protected":false},"excerpt":{"rendered":"<p>L\u2019info a le m\u00e9rite de l\u2019originalit\u00e9 : apr\u00e8s Jean-Claude Biver qui terminait syst\u00e9matiquement ses conf\u00e9rences de presse par une d\u00e9gustation<\/p>\n","protected":false},"author":1,"featured_media":9480,"comment_status":"open","ping_status":"open","sticky":false,"template":"","format":"standard","meta":{"_acf_changed":false,"footnotes":""},"categories":[707],"tags":[743],"class_list":["post-9479","post","type-post","status-publish","format-standard","has-post-thumbnail","hentry","category-jaeger-lecoultre","tag-clin-doeil"],"acf":[],"_links":{"self":[{"href":"https:\/\/leguidedesmontres.com\/fr\/wp-json\/wp\/v2\/posts\/9479","targetHints":{"allow":["GET"]}}],"collection":[{"href":"https:\/\/leguidedesmontres.com\/fr\/wp-json\/wp\/v2\/posts"}],"about":[{"href":"https:\/\/leguidedesmontres.com\/fr\/wp-json\/wp\/v2\/types\/post"}],"author":[{"embeddable":true,"href":"https:\/\/leguidedesmontres.com\/fr\/wp-json\/wp\/v2\/users\/1"}],"replies":[{"embeddable":true,"href":"https:\/\/leguidedesmontres.com\/fr\/wp-json\/wp\/v2\/comments?post=9479"}],"version-history":[{"count":0,"href":"https:\/\/leguidedesmontres.com\/fr\/wp-json\/wp\/v2\/posts\/9479\/revisions"}],"wp:featuredmedia":[{"embeddable":true,"href":"https:\/\/leguidedesmontres.com\/fr\/wp-json\/wp\/v2\/media\/9480"}],"wp:attachment":[{"href":"https:\/\/leguidedesmontres.com\/fr\/wp-json\/wp\/v2\/media?parent=9479"}],"wp:term":[{"taxonomy":"category","embeddable":true,"href":"https:\/\/leguidedesmontres.com\/fr\/wp-json\/wp\/v2\/categories?post=9479"},{"taxonomy":"post_tag","embeddable":true,"href":"https:\/\/leguidedesmontres.com\/fr\/wp-json\/wp\/v2\/tags?post=9479"}],"curies":[{"name":"wp","href":"https:\/\/api.w.org\/{rel}","templated":true}]}}