{"id":9503,"date":"2012-09-05T19:43:02","date_gmt":"2012-09-05T17:43:02","guid":{"rendered":"https:\/\/leguidedesmontres.com\/fr\/actualites\/inauguration-du-nouvel-espace-haute-horlogerie-au-printemps-haussmann\/"},"modified":"2012-09-05T19:43:02","modified_gmt":"2012-09-05T17:43:02","slug":"inauguration-du-nouvel-espace-haute-horlogerie-au-printemps-haussmann","status":"publish","type":"post","link":"https:\/\/leguidedesmontres.com\/fr\/actualites\/inauguration-du-nouvel-espace-haute-horlogerie-au-printemps-haussmann\/","title":{"rendered":"Inauguration du nouvel espace Haute Horlogerie au Printemps Haussmann"},"content":{"rendered":"<p><img decoding=\"async\" data-src=\"\/fr\/wp-content\/uploads\/2025\/06\/46_banniere1.jpg\" alt=\"Inauguration du nouvel espace Haute Horlogerie au Printemps Haussmann\" class=\"wp-image featured-image lazyload\" src=\"data:image\/svg+xml;base64,PHN2ZyB3aWR0aD0iMSIgaGVpZ2h0PSIxIiB4bWxucz0iaHR0cDovL3d3dy53My5vcmcvMjAwMC9zdmciPjwvc3ZnPg==\" style=\"--smush-placeholder-width: 600px; --smush-placeholder-aspect-ratio: 600\/542;\" \/><\/p>\n<p><span>Le <a target=\"_blank\" href=\"http:\/\/www.printemps.com\/\" rel=\"noopener noreferrer nofollow\">Printemps Haussmann<\/a> inaugure son nouvel espace d\u00e9di\u00e9 \u00e0 la Haute Horlogerie au rez-de-chauss\u00e9e du Printemps de l&rsquo;Homme, pour tous les passionn\u00e9s de montres d\u2019exception. <\/span><\/p>\n<p><span><br \/>\nPour la premi\u00e8re fois, le savoir-faire et l\u2019excellence des plus <strong>grandes maisons horlog\u00e8res<\/strong> sont mis \u00e0 l\u2019honneur dans leur propre corner. <\/span><\/p>\n<p><span>\u00c9crins luxueux et contemporains, p\u00e9n\u00e9trez dans cet univers in\u00e9dit et succombez \u00e0 la tentation de la sobre et intemporelle <a target=\"_blank\" href=\"https:\/\/leguidedesmontres.com\/fr\/prix-du-neuf\/iwc\/2466\/iw371417\">Portugaise de IWC<\/a>, traquez les myst\u00e8res cach\u00e9s de la <a target=\"_blank\" href=\"https:\/\/leguidedesmontres.com\/fr\/prix-du-neuf\/jaeger-lecoultre\/1766\/2788570\">Reverso de Jaeger-LeCoultre<\/a> ou adoptez l\u2019ic\u00f4ne du style \u00e0 la <a target=\"_blank\" href=\"https:\/\/leguidedesmontres.com\/fr\/prix-du-neuf\/tag-heuer\/1976\/caw2111fc6183\">Steve McQueen de Tag Heuer<\/a>, l\u2019incontournable mod\u00e8le Monaco\u2026<\/span><\/p>\n<p><span><br \/><\/span><span><br \/><\/span><span><b>Marques pr\u00e9sentes:<\/b> <\/span><\/p>\n<p><span><a target=\"_blank\" href=\"https:\/\/leguidedesmontres.com\/fr\/prix-du-neuf\/bell-ross\">Bell &#038; Ross<\/a> &#8211; <a target=\"_blank\" href=\"https:\/\/leguidedesmontres.com\/fr\/prix-du-neuf\/iwc\">IWC<\/a> &#8211; <a target=\"_blank\" href=\"https:\/\/leguidedesmontres.com\/fr\/prix-du-neuf\/jaeger-lecoultre\">Jaeger-LeCoultre<\/a> &#8211; Longines &#8211; <a target=\"_blank\" href=\"https:\/\/leguidedesmontres.com\/fr\/prix-du-neuf\/tag-heuer\">Tag Heuer<\/a> &#8211; <a target=\"_blank\" href=\"https:\/\/leguidedesmontres.com\/fr\/prix-du-neuf\/zenith\">Zenith<\/a>.<\/span><\/p>\n<p><span><br \/><i>Printemps Haussmann, Printemps Homme, \u00c9tage 0.<\/i><\/span><\/p>\n<\/p>\n<p><img decoding=\"async\" data-src=\"\/fr\/wp-content\/uploads\/2025\/06\/46_161_p._haussmann_montreshommes__0121.jpg\" alt=\"\" class=\"wp-image lazyload\" src=\"data:image\/svg+xml;base64,PHN2ZyB3aWR0aD0iMSIgaGVpZ2h0PSIxIiB4bWxucz0iaHR0cDovL3d3dy53My5vcmcvMjAwMC9zdmciPjwvc3ZnPg==\" style=\"--smush-placeholder-width: 600px; --smush-placeholder-aspect-ratio: 600\/900;\" \/><br \/>\n<img decoding=\"async\" data-src=\"\/fr\/wp-content\/uploads\/2025\/06\/46_162_p._haussmann_montreshommes__0082.jpg\" alt=\"\" class=\"wp-image lazyload\" src=\"data:image\/svg+xml;base64,PHN2ZyB3aWR0aD0iMSIgaGVpZ2h0PSIxIiB4bWxucz0iaHR0cDovL3d3dy53My5vcmcvMjAwMC9zdmciPjwvc3ZnPg==\" style=\"--smush-placeholder-width: 620px; --smush-placeholder-aspect-ratio: 620\/413;\" \/><\/p>\n<p>Copyright photo :  <b>Manuel BOUGOT \u2013 2012 <\/b><\/p><\/p>\n","protected":false},"excerpt":{"rendered":"<p>Le Printemps Haussmann inaugure son nouvel espace d\u00e9di\u00e9 \u00e0 la Haute Horlogerie au rez-de-chauss\u00e9e du Printemps de l&rsquo;Homme, pour tous<\/p>\n","protected":false},"author":1,"featured_media":9504,"comment_status":"open","ping_status":"open","sticky":false,"template":"","format":"standard","meta":{"_acf_changed":false,"footnotes":""},"categories":[721,722,707,732,729],"tags":[706],"class_list":["post-9503","post","type-post","status-publish","format-standard","has-post-thumbnail","hentry","category-bell-ross","category-iwc","category-jaeger-lecoultre","category-tag-heuer","category-zenith","tag-au-fil-de-lactualite"],"acf":[],"_links":{"self":[{"href":"https:\/\/leguidedesmontres.com\/fr\/wp-json\/wp\/v2\/posts\/9503","targetHints":{"allow":["GET"]}}],"collection":[{"href":"https:\/\/leguidedesmontres.com\/fr\/wp-json\/wp\/v2\/posts"}],"about":[{"href":"https:\/\/leguidedesmontres.com\/fr\/wp-json\/wp\/v2\/types\/post"}],"author":[{"embeddable":true,"href":"https:\/\/leguidedesmontres.com\/fr\/wp-json\/wp\/v2\/users\/1"}],"replies":[{"embeddable":true,"href":"https:\/\/leguidedesmontres.com\/fr\/wp-json\/wp\/v2\/comments?post=9503"}],"version-history":[{"count":0,"href":"https:\/\/leguidedesmontres.com\/fr\/wp-json\/wp\/v2\/posts\/9503\/revisions"}],"wp:featuredmedia":[{"embeddable":true,"href":"https:\/\/leguidedesmontres.com\/fr\/wp-json\/wp\/v2\/media\/9504"}],"wp:attachment":[{"href":"https:\/\/leguidedesmontres.com\/fr\/wp-json\/wp\/v2\/media?parent=9503"}],"wp:term":[{"taxonomy":"category","embeddable":true,"href":"https:\/\/leguidedesmontres.com\/fr\/wp-json\/wp\/v2\/categories?post=9503"},{"taxonomy":"post_tag","embeddable":true,"href":"https:\/\/leguidedesmontres.com\/fr\/wp-json\/wp\/v2\/tags?post=9503"}],"curies":[{"name":"wp","href":"https:\/\/api.w.org\/{rel}","templated":true}]}}