{"id":9720,"date":"2013-10-17T19:38:11","date_gmt":"2013-10-17T17:38:11","guid":{"rendered":"https:\/\/leguidedesmontres.com\/fr\/actualites\/jean-frederic-dufour-zenith-nous-parle-de-la-lightweight\/"},"modified":"2013-10-17T19:38:11","modified_gmt":"2013-10-17T17:38:11","slug":"jean-frederic-dufour-zenith-nous-parle-de-la-lightweight","status":"publish","type":"post","link":"https:\/\/leguidedesmontres.com\/fr\/actualites\/jean-frederic-dufour-zenith-nous-parle-de-la-lightweight\/","title":{"rendered":"Jean Fr\u00e9d\u00e9ric Dufour (Zenith) nous parle de la Lightweight"},"content":{"rendered":"<p><iframe title=\"DUFOUR 2\" data-src=\"https:\/\/player.vimeo.com\/video\/76544233?dnt=1&amp;app_id=122963\" width=\"500\" height=\"400\" frameborder=\"0\" allow=\"autoplay; fullscreen; picture-in-picture; clipboard-write; encrypted-media; web-share\" src=\"data:image\/svg+xml;base64,PHN2ZyB3aWR0aD0iMSIgaGVpZ2h0PSIxIiB4bWxucz0iaHR0cDovL3d3dy53My5vcmcvMjAwMC9zdmciPjwvc3ZnPg==\" class=\"lazyload\" data-load-mode=\"1\"><\/iframe><\/p>\n<p>En exclusivit\u00e9 pour Le Guide des Montres, <strong>Jean Fr\u00e9d\u00e9ric Dufour<\/strong>, <strong>CEO de Zenith<\/strong>, nous parle de la <strong>nouvelle El Primero Lightweight<\/strong>.<\/p><\/p>\n","protected":false},"excerpt":{"rendered":"<p>En exclusivit\u00e9 pour Le Guide des Montres, Jean Fr\u00e9d\u00e9ric Dufour, CEO de Zenith, nous parle de la nouvelle El Primero<\/p>\n","protected":false},"author":1,"featured_media":9625,"comment_status":"open","ping_status":"open","sticky":false,"template":"","format":"standard","meta":{"_acf_changed":false,"footnotes":""},"categories":[729],"tags":[750],"class_list":["post-9720","post","type-post","status-publish","format-standard","has-post-thumbnail","hentry","category-zenith","tag-videos"],"acf":[],"_links":{"self":[{"href":"https:\/\/leguidedesmontres.com\/fr\/wp-json\/wp\/v2\/posts\/9720","targetHints":{"allow":["GET"]}}],"collection":[{"href":"https:\/\/leguidedesmontres.com\/fr\/wp-json\/wp\/v2\/posts"}],"about":[{"href":"https:\/\/leguidedesmontres.com\/fr\/wp-json\/wp\/v2\/types\/post"}],"author":[{"embeddable":true,"href":"https:\/\/leguidedesmontres.com\/fr\/wp-json\/wp\/v2\/users\/1"}],"replies":[{"embeddable":true,"href":"https:\/\/leguidedesmontres.com\/fr\/wp-json\/wp\/v2\/comments?post=9720"}],"version-history":[{"count":0,"href":"https:\/\/leguidedesmontres.com\/fr\/wp-json\/wp\/v2\/posts\/9720\/revisions"}],"wp:featuredmedia":[{"embeddable":true,"href":"https:\/\/leguidedesmontres.com\/fr\/wp-json\/wp\/v2\/media\/9625"}],"wp:attachment":[{"href":"https:\/\/leguidedesmontres.com\/fr\/wp-json\/wp\/v2\/media?parent=9720"}],"wp:term":[{"taxonomy":"category","embeddable":true,"href":"https:\/\/leguidedesmontres.com\/fr\/wp-json\/wp\/v2\/categories?post=9720"},{"taxonomy":"post_tag","embeddable":true,"href":"https:\/\/leguidedesmontres.com\/fr\/wp-json\/wp\/v2\/tags?post=9720"}],"curies":[{"name":"wp","href":"https:\/\/api.w.org\/{rel}","templated":true}]}}