{"id":9730,"date":"2012-11-22T13:58:11","date_gmt":"2012-11-22T11:58:11","guid":{"rendered":"https:\/\/leguidedesmontres.com\/fr\/actualites\/jaeger-lecoultre-inaugure-sa-boutique-place-vendome-2\/"},"modified":"2012-11-22T13:58:11","modified_gmt":"2012-11-22T11:58:11","slug":"jaeger-lecoultre-inaugure-sa-boutique-place-vendome-2","status":"publish","type":"post","link":"https:\/\/leguidedesmontres.com\/fr\/actualites\/jaeger-lecoultre-inaugure-sa-boutique-place-vendome-2\/","title":{"rendered":"Jaeger-LeCoultre inaugure sa boutique Place Vend\u00f4me"},"content":{"rendered":"<p><iframe title=\"Inauguration-de-la-boutique-Jaeger-LeCoultre-place-vendome\" data-src=\"https:\/\/player.vimeo.com\/video\/54080328?dnt=1&amp;app_id=122963\" width=\"500\" height=\"281\" frameborder=\"0\" allow=\"autoplay; fullscreen; picture-in-picture; clipboard-write; encrypted-media; web-share\" referrerpolicy=\"strict-origin-when-cross-origin\" src=\"data:image\/svg+xml;base64,PHN2ZyB3aWR0aD0iMSIgaGVpZ2h0PSIxIiB4bWxucz0iaHR0cDovL3d3dy53My5vcmcvMjAwMC9zdmciPjwvc3ZnPg==\" class=\"lazyload\" data-load-mode=\"1\"><\/iframe><\/p>\n<p><span>\u00c0 la veille de la c\u00e9l\u00e9bration du 180<sup>e<\/sup> anniversaire de sa <i>Manufacture,<\/i><\/span><\/p>\n<p><span><a target=\"_blank\" href=\"http:\/\/www.leguidedesmontres.com\/fr\/actualites\/96\/jaeger-lecoultre-inaugure-sa-boutique-place-vendome\" rel=\"noopener noreferrer nofollow\">Jaeger-<span>LeCoultre<\/span><\/a><\/span><span> donne rendez-vous aux amateurs de Haute Horlogerie<\/span><\/p>\n<p><span><b><span>au<\/span><\/b><\/span><b><span> num\u00e9ro 7 de Place Vend\u00f4me, dans un nouvel espace de 500 m\u00b2.<\/span><\/b><\/p>\n<\/p>\n<p><span>Cette boutique <a target=\"_blank\" href=\"http:\/\/www.leguidedesmontres.com\/fr\/prix-du-neuf\/jaeger-lecoultre\" rel=\"noopener noreferrer nofollow\">Jaeger-<span>LeCoultre<\/span><\/a>, la plus grande du monde, propose<\/span><\/p>\n<p><span><span>un<\/span><\/span><span> nouveau concept de design int\u00e9rieur : un espace chaleureux et lumineux o\u00f9<\/span><\/p>\n<p><span>Jaeger-<span>LeCoultre<\/span> pourra mettre en valeur \u00e0 la fois son pass\u00e9, son pr\u00e9sent et son futur\u2026<\/span><\/p>\n","protected":false},"excerpt":{"rendered":"<p>\u00c0 la veille de la c\u00e9l\u00e9bration du 180e anniversaire de sa Manufacture, Jaeger-LeCoultre donne rendez-vous aux amateurs de Haute Horlogerie<\/p>\n","protected":false},"author":1,"featured_media":9645,"comment_status":"open","ping_status":"open","sticky":false,"template":"","format":"standard","meta":{"_acf_changed":false,"footnotes":""},"categories":[707],"tags":[750],"class_list":["post-9730","post","type-post","status-publish","format-standard","has-post-thumbnail","hentry","category-jaeger-lecoultre","tag-videos"],"acf":[],"_links":{"self":[{"href":"https:\/\/leguidedesmontres.com\/fr\/wp-json\/wp\/v2\/posts\/9730","targetHints":{"allow":["GET"]}}],"collection":[{"href":"https:\/\/leguidedesmontres.com\/fr\/wp-json\/wp\/v2\/posts"}],"about":[{"href":"https:\/\/leguidedesmontres.com\/fr\/wp-json\/wp\/v2\/types\/post"}],"author":[{"embeddable":true,"href":"https:\/\/leguidedesmontres.com\/fr\/wp-json\/wp\/v2\/users\/1"}],"replies":[{"embeddable":true,"href":"https:\/\/leguidedesmontres.com\/fr\/wp-json\/wp\/v2\/comments?post=9730"}],"version-history":[{"count":0,"href":"https:\/\/leguidedesmontres.com\/fr\/wp-json\/wp\/v2\/posts\/9730\/revisions"}],"wp:featuredmedia":[{"embeddable":true,"href":"https:\/\/leguidedesmontres.com\/fr\/wp-json\/wp\/v2\/media\/9645"}],"wp:attachment":[{"href":"https:\/\/leguidedesmontres.com\/fr\/wp-json\/wp\/v2\/media?parent=9730"}],"wp:term":[{"taxonomy":"category","embeddable":true,"href":"https:\/\/leguidedesmontres.com\/fr\/wp-json\/wp\/v2\/categories?post=9730"},{"taxonomy":"post_tag","embeddable":true,"href":"https:\/\/leguidedesmontres.com\/fr\/wp-json\/wp\/v2\/tags?post=9730"}],"curies":[{"name":"wp","href":"https:\/\/api.w.org\/{rel}","templated":true}]}}